{"id":5327,"date":"2022-04-10T09:57:00","date_gmt":"2022-04-10T13:57:00","guid":{"rendered":"https:\/\/www.semanariolocal.cl\/?p=5327"},"modified":"2022-04-11T22:05:59","modified_gmt":"2022-04-12T02:05:59","slug":"piden-al-gobierno-suspender-instalacion-de-servicios-locales-de-educacion-publica-e","status":"publish","type":"post","link":"https:\/\/www.semanariolocal.cl\/?p=5327","title":{"rendered":"Piden al Gobierno suspender instalaci\u00f3n de Servicios Locales de Educaci\u00f3n P\u00fablica e"},"content":{"rendered":"\n<p>El diputado por la Regi\u00f3n de O\u2019Higgins e integrante de la comisi\u00f3n de Educaci\u00f3n de la C\u00e1mara Baja, Eduardo Cornejo (UDI), solicit\u00f3 formalmente al Gobierno poder suspender la actual instalaci\u00f3n de los Servicios Locales de Educaci\u00f3n P\u00fablica (SLEP) en el pa\u00eds, debido a los graves problemas que ha enfrentado el proceso desde su inicio hasta la fecha, principalmente en materia financiera y de infraestructura.<\/p>\n\n\n\n<p>Al respecto, el parlamentario gremialista explic\u00f3 que los SLEP tienen como objetivo reemplazar a los municipios como sostenedores de la educaci\u00f3n p\u00fablica, cuyo proceso comenz\u00f3 en 2017 y finalizar\u00e1 en 2025 con la instalaci\u00f3n de los \u00faltimos servicios. Sin embargo, de acuerdo con lo que detall\u00f3 Cornejo, a la fecha han existido una serie de dificultades en su implementaci\u00f3n, afectando directamente a las comunidades escolares, incluyendo a los docentes.<\/p>\n\n\n\n<p>\u201cA partir de la experiencia que tenemos en el Distrito 16 y tambi\u00e9n a ra\u00edz de diversas reuniones que he sostenido con algunos gremios a nivel nacional, me parece que lo m\u00e1s pertinente es que el Gobierno eval\u00fae seriamente la suspensi\u00f3n del proceso de implementaci\u00f3n de los SLEP a lo largo del pa\u00eds, hasta que no tengan la seguridad de que su puesta en pr\u00e1ctica ha sido beneficiosa para la educaci\u00f3n p\u00fablica\u201d, sostuvo Cornejo.<\/p>\n\n\n\n<p>En esa l\u00ednea, el representante de O\u2019Higgins explic\u00f3 que con la implementaci\u00f3n de los SLEP -por ejemplo el de Colchagua, que incluye a las comunas de San Fernando, Chimbarongo, Nancagua y Placilla- los propios funcionarios de los establecimientos han tenido que recurrir a la justicia y a la Contralor\u00eda para resguardar sus derechos en materia laboral.<\/p>\n\n\n\n<p>\u201cSon cientos y miles de funcionarios los que han tenido que recurrir a distintas instancias para que les garanticen sus derechos, los que han adquirido debido a todo el tiempo que llevaban en la educaci\u00f3n municipal. Y vemos con bastante preocupaci\u00f3n que estas situaciones se sigan repitiendo a lo largo del pa\u00eds\u201d, insisti\u00f3 el diputado Cornejo, quien agreg\u00f3 que \u201cha habido muchas dificultades financieras, problemas para pagar sueldos y dificultades en materia de infraestructura, por lo tanto creo que lo m\u00e1s razonable es que se suspenda el proceso de los SLEP a la brevedad posible\u201d.<\/p>\n","protected":false},"excerpt":{"rendered":"<p>El parlamentario advirti\u00f3 que la implementaci\u00f3n de los actuales SLEP ha provocado una serie de problemas financieros, laborales y en materia de infraestructura.<\/p>\n","protected":false},"author":1,"featured_media":5328,"comment_status":"closed","ping_status":"closed","sticky":false,"template":"","format":"standard","meta":{"footnotes":""},"categories":[3],"tags":[],"class_list":["post-5327","post","type-post","status-publish","format-standard","has-post-thumbnail","hentry","category-al-dia"],"_links":{"self":[{"href":"https:\/\/www.semanariolocal.cl\/index.php?rest_route=\/wp\/v2\/posts\/5327","targetHints":{"allow":["GET"]}}],"collection":[{"href":"https:\/\/www.semanariolocal.cl\/index.php?rest_route=\/wp\/v2\/posts"}],"about":[{"href":"https:\/\/www.semanariolocal.cl\/index.php?rest_route=\/wp\/v2\/types\/post"}],"author":[{"embeddable":true,"href":"https:\/\/www.semanariolocal.cl\/index.php?rest_route=\/wp\/v2\/users\/1"}],"replies":[{"embeddable":true,"href":"https:\/\/www.semanariolocal.cl\/index.php?rest_route=%2Fwp%2Fv2%2Fcomments&post=5327"}],"version-history":[{"count":1,"href":"https:\/\/www.semanariolocal.cl\/index.php?rest_route=\/wp\/v2\/posts\/5327\/revisions"}],"predecessor-version":[{"id":5329,"href":"https:\/\/www.semanariolocal.cl\/index.php?rest_route=\/wp\/v2\/posts\/5327\/revisions\/5329"}],"wp:featuredmedia":[{"embeddable":true,"href":"https:\/\/www.semanariolocal.cl\/index.php?rest_route=\/wp\/v2\/media\/5328"}],"wp:attachment":[{"href":"https:\/\/www.semanariolocal.cl\/index.php?rest_route=%2Fwp%2Fv2%2Fmedia&parent=5327"}],"wp:term":[{"taxonomy":"category","embeddable":true,"href":"https:\/\/www.semanariolocal.cl\/index.php?rest_route=%2Fwp%2Fv2%2Fcategories&post=5327"},{"taxonomy":"post_tag","embeddable":true,"href":"https:\/\/www.semanariolocal.cl\/index.php?rest_route=%2Fwp%2Fv2%2Ftags&post=5327"}],"curies":[{"name":"wp","href":"https:\/\/api.w.org\/{rel}","templated":true}]}}