{"id":5324,"date":"2022-04-11T21:56:41","date_gmt":"2022-04-12T01:56:41","guid":{"rendered":"https:\/\/www.semanariolocal.cl\/?p=5324"},"modified":"2022-04-11T21:56:41","modified_gmt":"2022-04-12T01:56:41","slug":"las-razones-que-hacen-de-abril-un-mes-clave-para-la-convencion-constitucional","status":"publish","type":"post","link":"https:\/\/www.semanariolocal.cl\/?p=5324","title":{"rendered":"Las razones que hacen de abril un mes clave para la Convenci\u00f3n Constitucional"},"content":{"rendered":"\n<p>Una nueva cuenta p\u00fablica de la Convenci\u00f3n Constitucional se realiz\u00f3 el fin de semana, reflejando que este mes de abril es clave para el trabajo a cargo de redactar la nueva Carta Magna.<\/p>\n\n\n\n<p>Respecto a eso, Nicol\u00e1s Freire, polit\u00f3logo y acad\u00e9mico de la Usach, entreg\u00f3 tres razones para explicar la importancia de este mes:<\/p>\n\n\n\n<p>\u201cEn abril deber\u00eda haber terminado el trabajo sino se hubiera solicitado la pr\u00f3rroga. Entonces, pasa a ser el primer mes de pr\u00f3rroga que la Convenci\u00f3n ha establecido para el desarrollo de su trabajo\u201d, sostuvo en primera instancia.<\/p>\n\n\n\n<p>Sobre la segunda raz\u00f3n, fue claro. \u201cEn tenor con la programaci\u00f3n de dicha pr\u00f3rroga, en abril se discutir\u00e1 y terminar\u00e1 el trabajo de las comisiones, por lo tanto, va a ser el mes en el que se terminar\u00e1 de conversar sobre las normas que deber\u00edan ser propuestas en torno a la nueva constituci\u00f3n\u201d.<\/p>\n\n\n\n<p>\u201cPor \u00faltimo, y de acuerdo al cronograma antiguo, que habr\u00eda que ver la manera en c\u00f3mo se va ajustar, en abril se deb\u00eda haber votado el borrador de la convenci\u00f3n. Esas son las tres principales razones de este mes clave para ellos\u201d, cerr\u00f3 Freire.<\/p>\n","protected":false},"excerpt":{"rendered":"<p>Uno de los puntos que se\u00f1al\u00f3 Nicol\u00e1s Freire, polit\u00f3logo y acad\u00e9mico de la U. de Santiago, hace hincapi\u00e9 en el fin del trabajo de las comisiones, donde se deber\u00e1n presentar las normas.  <\/p>\n","protected":false},"author":1,"featured_media":5325,"comment_status":"closed","ping_status":"closed","sticky":false,"template":"","format":"standard","meta":{"footnotes":""},"categories":[3],"tags":[],"class_list":["post-5324","post","type-post","status-publish","format-standard","has-post-thumbnail","hentry","category-al-dia"],"_links":{"self":[{"href":"https:\/\/www.semanariolocal.cl\/index.php?rest_route=\/wp\/v2\/posts\/5324","targetHints":{"allow":["GET"]}}],"collection":[{"href":"https:\/\/www.semanariolocal.cl\/index.php?rest_route=\/wp\/v2\/posts"}],"about":[{"href":"https:\/\/www.semanariolocal.cl\/index.php?rest_route=\/wp\/v2\/types\/post"}],"author":[{"embeddable":true,"href":"https:\/\/www.semanariolocal.cl\/index.php?rest_route=\/wp\/v2\/users\/1"}],"replies":[{"embeddable":true,"href":"https:\/\/www.semanariolocal.cl\/index.php?rest_route=%2Fwp%2Fv2%2Fcomments&post=5324"}],"version-history":[{"count":1,"href":"https:\/\/www.semanariolocal.cl\/index.php?rest_route=\/wp\/v2\/posts\/5324\/revisions"}],"predecessor-version":[{"id":5326,"href":"https:\/\/www.semanariolocal.cl\/index.php?rest_route=\/wp\/v2\/posts\/5324\/revisions\/5326"}],"wp:featuredmedia":[{"embeddable":true,"href":"https:\/\/www.semanariolocal.cl\/index.php?rest_route=\/wp\/v2\/media\/5325"}],"wp:attachment":[{"href":"https:\/\/www.semanariolocal.cl\/index.php?rest_route=%2Fwp%2Fv2%2Fmedia&parent=5324"}],"wp:term":[{"taxonomy":"category","embeddable":true,"href":"https:\/\/www.semanariolocal.cl\/index.php?rest_route=%2Fwp%2Fv2%2Fcategories&post=5324"},{"taxonomy":"post_tag","embeddable":true,"href":"https:\/\/www.semanariolocal.cl\/index.php?rest_route=%2Fwp%2Fv2%2Ftags&post=5324"}],"curies":[{"name":"wp","href":"https:\/\/api.w.org\/{rel}","templated":true}]}}