{"id":5318,"date":"2022-04-11T21:43:36","date_gmt":"2022-04-12T01:43:36","guid":{"rendered":"https:\/\/www.semanariolocal.cl\/?p=5318"},"modified":"2022-04-11T21:43:40","modified_gmt":"2022-04-12T01:43:40","slug":"marea-roja-un-veneno-que-mata","status":"publish","type":"post","link":"https:\/\/www.semanariolocal.cl\/?p=5318","title":{"rendered":"\u201cMarea roja\u201d un veneno que mata"},"content":{"rendered":"\n<p>Hasta hace poco confi\u00e1bamos que las intoxicaciones por Veneno Paralizante de los Mariscos (VPM) en Chile ya eran un problema controlado. Ya sea por el arduo trabajo de las autoridades sanitarias y pesqueras, la responsabilidad de pescadores o bien el autocuidado de los propios consumidores.<\/p>\n\n\n\n<p>Sin embargo, esta temporada estival termina con dos dolorosas v\u00edctimas fatales confirmadas por consumo de mariscos contaminados. A inicio de marzo, un tripulante de una embarcaci\u00f3n en fiordo de Quitralco, en la zona sur de la Regi\u00f3n de Ays\u00e9n. Este fin de semana, un ni\u00f1o de 3 a\u00f1os en Calbuco, Regi\u00f3n de Los Lagos; adem\u00e1s de varios hospitalizados, a\u00fan en estado de gravedad.<\/p>\n\n\n\n<p>En ambos casos, los mariscos proven\u00edan de bancos naturales de la regi\u00f3n de Ays\u00e9n donde la extracci\u00f3n estaba prohibida y su consumo se efectu\u00f3 antes de realizarse los an\u00e1lisis para la detecci\u00f3n de biotoxinas marinas.<\/p>\n\n\n\n<p>Pero lo que m\u00e1s preocupa e indigna es que existan armadores, pescadores y buzos que extraen recursos de zonas con cierres sanitarios (producto de elevadas toxicidades) y se trasladen largas distancias, de una regi\u00f3n a otra, para comercializar y obsequiar mariscos eludiendo los controles sanitarios.<\/p>\n\n\n\n<p>El 4 de abril, una segunda lancha fue detenida con 8 toneladas de almejas de Ays\u00e9n, destinadas tambi\u00e9n al mercado nacional que se prepara para semana santa.<\/p>\n\n\n\n<p>Estas pr\u00e1cticas inadecuadas y en cierto punto delictuales, ponen en serio riesgo la salud de la poblaci\u00f3n, principalmente en zonas donde la marea roja no presenta una alta recurrencia, como lo es la parte norte de la Regi\u00f3n de Los Lagos. Adem\u00e1s, estas pr\u00e1cticas no s\u00f3lo afectan dram\u00e1ticamente a las familias de las v\u00edctimas, destruyen la confianza p\u00fablica en todo el sector pesquero de peque\u00f1a escala y arriesgan el sustento de miles de trabajadores(as) del mar. Las sanciones deben ser de la talla de los delitos cometidos.<\/p>\n\n\n\n<p>Actualmente no existe presencia de VPM en la Regi\u00f3n de Los Lagos que amerite un cierre sanitario ni la alarma en la poblaci\u00f3n. Comprar y consumir mariscos certificados en la regi\u00f3n seguir\u00e1 siendo seguro mientras el Servicio de Salud no disponga oficialmente lo contrario.<\/p>\n\n\n\n<p>La marea roja no es ni un mito ancestral ni una conspiraci\u00f3n neoliberal contra las comunidades costeras. Es un veneno que mata.<\/p>\n\n\n\n<p>Andr\u00e9s Mar\u00edn, Investigador&nbsp;CEDER -ULagos<\/p>\n\n\n\n<p>Investigador Centro i~mar &amp; CeBiB &#8211; ULagos<\/p>\n","protected":false},"excerpt":{"rendered":"<p>Hasta hace poco confi\u00e1bamos que las intoxicaciones por Veneno Paralizante de los Mariscos (VPM) en Chile ya eran un problema controlado. Ya sea por el arduo trabajo de las autoridades sanitarias y pesqueras, la responsabilidad de pescadores o bien el autocuidado de los propios consumidores. Sin embargo, esta temporada estival termina con dos dolorosas v\u00edctimas&#8230;<a class=\"btnReadMore\" href=\"https:\/\/www.semanariolocal.cl\/?p=5318\"> Leer M\u00e1s<\/a><\/p>\n","protected":false},"author":1,"featured_media":5319,"comment_status":"closed","ping_status":"closed","sticky":false,"template":"","format":"standard","meta":{"footnotes":""},"categories":[3,12,7],"tags":[],"class_list":["post-5318","post","type-post","status-publish","format-standard","has-post-thumbnail","hentry","category-al-dia","category-economia","category-opinion"],"_links":{"self":[{"href":"https:\/\/www.semanariolocal.cl\/index.php?rest_route=\/wp\/v2\/posts\/5318","targetHints":{"allow":["GET"]}}],"collection":[{"href":"https:\/\/www.semanariolocal.cl\/index.php?rest_route=\/wp\/v2\/posts"}],"about":[{"href":"https:\/\/www.semanariolocal.cl\/index.php?rest_route=\/wp\/v2\/types\/post"}],"author":[{"embeddable":true,"href":"https:\/\/www.semanariolocal.cl\/index.php?rest_route=\/wp\/v2\/users\/1"}],"replies":[{"embeddable":true,"href":"https:\/\/www.semanariolocal.cl\/index.php?rest_route=%2Fwp%2Fv2%2Fcomments&post=5318"}],"version-history":[{"count":1,"href":"https:\/\/www.semanariolocal.cl\/index.php?rest_route=\/wp\/v2\/posts\/5318\/revisions"}],"predecessor-version":[{"id":5320,"href":"https:\/\/www.semanariolocal.cl\/index.php?rest_route=\/wp\/v2\/posts\/5318\/revisions\/5320"}],"wp:featuredmedia":[{"embeddable":true,"href":"https:\/\/www.semanariolocal.cl\/index.php?rest_route=\/wp\/v2\/media\/5319"}],"wp:attachment":[{"href":"https:\/\/www.semanariolocal.cl\/index.php?rest_route=%2Fwp%2Fv2%2Fmedia&parent=5318"}],"wp:term":[{"taxonomy":"category","embeddable":true,"href":"https:\/\/www.semanariolocal.cl\/index.php?rest_route=%2Fwp%2Fv2%2Fcategories&post=5318"},{"taxonomy":"post_tag","embeddable":true,"href":"https:\/\/www.semanariolocal.cl\/index.php?rest_route=%2Fwp%2Fv2%2Ftags&post=5318"}],"curies":[{"name":"wp","href":"https:\/\/api.w.org\/{rel}","templated":true}]}}