{"id":5315,"date":"2022-04-11T21:35:01","date_gmt":"2022-04-12T01:35:01","guid":{"rendered":"https:\/\/www.semanariolocal.cl\/?p=5315"},"modified":"2022-04-11T21:35:01","modified_gmt":"2022-04-12T01:35:01","slug":"exportaciones-de-los-lagos-crecieron-22-en-primer-trimestre-lideradas-por-salmon-y-trucha","status":"publish","type":"post","link":"https:\/\/www.semanariolocal.cl\/?p=5315","title":{"rendered":"Exportaciones de Los Lagos crecieron 22% en primer trimestre lideradas por salm\u00f3n y trucha"},"content":{"rendered":"\n<p>Un importante crecimiento del 22% tuvieron las exportaciones de la Regi\u00f3n de Los Lagos durante los primeros tres meses de 2022, en comparaci\u00f3n al mismo per\u00edodo del a\u00f1o anterior, llegando a US$ 1.737 millones, destac\u00f3 el director regional de ProChile, Ricardo Arriagada.<\/p>\n\n\n\n<p>\u201cEs un muy buen comienzo de a\u00f1o, con un positivo crecimiento con respecto al a\u00f1o pasado, en que el salm\u00f3n y trucha aparece como el principal producto no cobre exportado por Chile. A nivel nacional las exportaciones de este producto alcanzaron en el primer trimestre a los US$ 1.686 millones, de los cuales US$ 1.460 millones, es decir el 86 % corresponde a la Regi\u00f3n de Los Lagos\u201d, a\u00f1adi\u00f3.<\/p>\n\n\n\n<p>\u201cOtros productos relevantes exportados por la regi\u00f3n en estos tres primeros meses de 2022 son los mejillones con US$ 50 millones, los aceites de pescado con US$ 34 millones, la madera en plaquitas con US$ 21 millones, las harinas de pescado y crust\u00e1ceo con US$ 21 millones y la carne de bovinos con US$ 19 millones\u201d, detall\u00f3 el director regional de ProChile.<\/p>\n\n\n\n<p>Ricardo Arriagada expres\u00f3 que \u201cestos buenos resultados se deben a la reapertura de mercados que estuvieron muy afectados por la pandemia, especialmente en servicios relacionados con el turismo, como hoteles, restaurantes y catering\u201d.<\/p>\n\n\n\n<p>Los mercados m\u00e1s relevantes para las exportaciones de la Regi\u00f3n de Los Lagos en el primer trimestre de 2022 fueron Estados Unidos (37 % de participaci\u00f3n), Jap\u00f3n (22 %), Brasil (6 %) y China (5 %).<\/p>\n\n\n\n<p>Arriagada a\u00f1adi\u00f3 que el desaf\u00edo de la regi\u00f3n \u201ces continuar diversificando los productos y servicios que exporta, as\u00ed como los mercados de destino a los cuales se llega, en una tarea de promoci\u00f3n internacional que en el sector p\u00fablico asume ProChile, entre otras entidades\u201d.<\/p>\n\n\n\n<p>El director regional de ProChile anunci\u00f3 que el pr\u00f3ximo 28 de abril se realizar\u00e1 el primer Consejo Regional Exportador del a\u00f1o, con participaci\u00f3n de los principales gremios y asociaciones regionales, oportunidad en que se analizar\u00e1n los desaf\u00edos log\u00edsticos que enfrentan los empresarios en la actualidad y en que tambi\u00e9n se tendr\u00e1 la participaci\u00f3n de varios agregados comerciales de Oficinas de ProChile en el exterior, correspondientes a algunos de los principales mercados a donde se dirigen los env\u00edos regionales.<\/p>\n","protected":false},"excerpt":{"rendered":"<p>ProChile destac\u00f3 que principales mercados para productos regionales fueron Estados Unidos, Jap\u00f3n y Brasil.<\/p>\n","protected":false},"author":1,"featured_media":5316,"comment_status":"closed","ping_status":"closed","sticky":false,"template":"","format":"standard","meta":{"footnotes":""},"categories":[12],"tags":[],"class_list":["post-5315","post","type-post","status-publish","format-standard","has-post-thumbnail","hentry","category-economia"],"_links":{"self":[{"href":"https:\/\/www.semanariolocal.cl\/index.php?rest_route=\/wp\/v2\/posts\/5315","targetHints":{"allow":["GET"]}}],"collection":[{"href":"https:\/\/www.semanariolocal.cl\/index.php?rest_route=\/wp\/v2\/posts"}],"about":[{"href":"https:\/\/www.semanariolocal.cl\/index.php?rest_route=\/wp\/v2\/types\/post"}],"author":[{"embeddable":true,"href":"https:\/\/www.semanariolocal.cl\/index.php?rest_route=\/wp\/v2\/users\/1"}],"replies":[{"embeddable":true,"href":"https:\/\/www.semanariolocal.cl\/index.php?rest_route=%2Fwp%2Fv2%2Fcomments&post=5315"}],"version-history":[{"count":1,"href":"https:\/\/www.semanariolocal.cl\/index.php?rest_route=\/wp\/v2\/posts\/5315\/revisions"}],"predecessor-version":[{"id":5317,"href":"https:\/\/www.semanariolocal.cl\/index.php?rest_route=\/wp\/v2\/posts\/5315\/revisions\/5317"}],"wp:featuredmedia":[{"embeddable":true,"href":"https:\/\/www.semanariolocal.cl\/index.php?rest_route=\/wp\/v2\/media\/5316"}],"wp:attachment":[{"href":"https:\/\/www.semanariolocal.cl\/index.php?rest_route=%2Fwp%2Fv2%2Fmedia&parent=5315"}],"wp:term":[{"taxonomy":"category","embeddable":true,"href":"https:\/\/www.semanariolocal.cl\/index.php?rest_route=%2Fwp%2Fv2%2Fcategories&post=5315"},{"taxonomy":"post_tag","embeddable":true,"href":"https:\/\/www.semanariolocal.cl\/index.php?rest_route=%2Fwp%2Fv2%2Ftags&post=5315"}],"curies":[{"name":"wp","href":"https:\/\/api.w.org\/{rel}","templated":true}]}}