{"id":5312,"date":"2022-04-11T15:54:01","date_gmt":"2022-04-11T19:54:01","guid":{"rendered":"https:\/\/www.semanariolocal.cl\/?p=5312"},"modified":"2022-04-11T15:54:02","modified_gmt":"2022-04-11T19:54:02","slug":"labcity-programa-de-innovacion-abierta-busca-modernizar-el-sector-publico","status":"publish","type":"post","link":"https:\/\/www.semanariolocal.cl\/?p=5312","title":{"rendered":"LabCity: Programa de innovaci\u00f3n abierta busca modernizar el sector p\u00fablico"},"content":{"rendered":"\n<p>Este martes 12 de abril desde La 10:00 horas se llevar\u00e1 a cabo el lanzamiento del programa de innovaci\u00f3n abierta \u201cLabCity\u201d, iniciativa organizada por la asociaci\u00f3n Sin\u00e9rgiame y la Universidad Austral de Chile (UACh) Sede Puerto Montt, la colaboraci\u00f3n de la Municipalidad de Puerto Montt y el apoyo de Corfo, que busca convocar a emprendedores, potenciales emprendedores GovTech y estudiantes universitarios, con el objetivo de dar soluciones tecnol\u00f3gicas para la modernizaci\u00f3n del gobierno local municipal.<\/p>\n\n\n\n<p>El t\u00e9rmino GovTech proviene de las palabras inglesas Government y Technology y re\u00fane a las pr\u00e1cticas orientadas en la digitalizaci\u00f3n de procesos administrativos p\u00fablicos a trav\u00e9s de la innovaci\u00f3n para mejorar el servicio hacia los ciudadanos, y si bien existen diversos sectores privados que cuentan con programas de innovaci\u00f3n abierta para resolver sus desaf\u00edos a trav\u00e9s de startups, el espacio en el sector p\u00fablico reci\u00e9n est\u00e1 surgiendo.<\/p>\n\n\n\n<p>En esa l\u00ednea, el&nbsp; director de la asociaci\u00f3n de Emprendimiento e Innovaci\u00f3n Sin\u00e9rgiame, Julio Brintrup, destac\u00f3 que \u201cLabCity\u201d es un hito importante como organizaci\u00f3n, \u201cporque empezamos a hablar de desarrollo econ\u00f3mico local desde hacernos cargo de los desaf\u00edos emanados de gobiernos locales como lo es la Municipalidad, donde startups, proyectos tecnol\u00f3gicos y emprendimientos din\u00e1micos, buscan dar una respuesta, valorando la b\u00fasqueda del beneficio colectivo en este tipo de iniciativas que se han realizado exitosamente en otros sectores\u201d.<\/p>\n\n\n\n<p>Por su parte, la Directora de la Escuela de Ingenier\u00eda Civil Industrial de la Universidad Austral de Chile Sede Puerto Montt, Gabriela Manoli, valor\u00f3 la posibilidad de triangular al sector p\u00fablico, industria y universidad, \u201cdonde a trav\u00e9s del desarrollo de competencias y habilidades generadas por estudiantes y en conjunto con desarrolladores de emprendimientos tecnol\u00f3gicos a trav\u00e9s de startup, puedan dar respuesta a necesidades planteadas desde el gobierno local, a trav\u00e9s de la ilustre municipalidad de puerto Montt\u201d.<\/p>\n\n\n\n<p>En esa l\u00ednea, desde la Direcci\u00f3n Regional de Corfo invitaron a participar de esta convocatoria en nuestra regi\u00f3n, \u201cdonde la innovaci\u00f3n y el emprendimiento vienen a aportar a la soluci\u00f3n de desaf\u00edos del sector p\u00fablico,la tecnolog\u00eda est\u00e1 transformando el mundo y los gobiernos no pueden quedarse atr\u00e1s. Es necesario que se puedan aplicar las \u00faltimas innovaciones para mejorar la vida de los ciudadanos\u201d a\u00f1adiendo que en la actividad de lanzamiento tambi\u00e9n estar\u00e1n presentes expertos compartir\u00e1n las charlas \u00abLa importancia de la colaboraci\u00f3n entre el Estado y startup\u00bb y \u00abLa experiencia de colaborar con un municipio en Chile\u00bb.<\/p>\n\n\n\n<p>Finalmente, el alcalde de Puerto Montt, Gervoy Paredes, hizo un llamado a unirse a este lanzamiento \u201cporque sin duda se traduce como una gran \u00e1rea de oportunidades para abordar los requerimientos de la ciudadan\u00eda desde la innovaci\u00f3n tecnol\u00f3gica del sector p\u00fablico para impulsar el incremento en calidad de vida a trav\u00e9s del Smart Cities, Ciberseguridad e Inteligencia Artificial. De la misma forma, con el E-Goverment para proporcionar servicios m\u00e1s eficientes para la ciudadan\u00eda en nuestra comuna\u201d.<\/p>\n","protected":false},"excerpt":{"rendered":"<p>La iniciativa est\u00e1 dirigida a emprendedores, potenciales desarrolladores de GovTech y estudiantes universitarios y su lanzamiento ser\u00e1 ma\u00f1ana martes a las 10:00 horas v\u00eda Zoom.<\/p>\n","protected":false},"author":1,"featured_media":5313,"comment_status":"closed","ping_status":"closed","sticky":false,"template":"","format":"standard","meta":{"footnotes":""},"categories":[3,12],"tags":[],"class_list":["post-5312","post","type-post","status-publish","format-standard","has-post-thumbnail","hentry","category-al-dia","category-economia"],"_links":{"self":[{"href":"https:\/\/www.semanariolocal.cl\/index.php?rest_route=\/wp\/v2\/posts\/5312","targetHints":{"allow":["GET"]}}],"collection":[{"href":"https:\/\/www.semanariolocal.cl\/index.php?rest_route=\/wp\/v2\/posts"}],"about":[{"href":"https:\/\/www.semanariolocal.cl\/index.php?rest_route=\/wp\/v2\/types\/post"}],"author":[{"embeddable":true,"href":"https:\/\/www.semanariolocal.cl\/index.php?rest_route=\/wp\/v2\/users\/1"}],"replies":[{"embeddable":true,"href":"https:\/\/www.semanariolocal.cl\/index.php?rest_route=%2Fwp%2Fv2%2Fcomments&post=5312"}],"version-history":[{"count":1,"href":"https:\/\/www.semanariolocal.cl\/index.php?rest_route=\/wp\/v2\/posts\/5312\/revisions"}],"predecessor-version":[{"id":5314,"href":"https:\/\/www.semanariolocal.cl\/index.php?rest_route=\/wp\/v2\/posts\/5312\/revisions\/5314"}],"wp:featuredmedia":[{"embeddable":true,"href":"https:\/\/www.semanariolocal.cl\/index.php?rest_route=\/wp\/v2\/media\/5313"}],"wp:attachment":[{"href":"https:\/\/www.semanariolocal.cl\/index.php?rest_route=%2Fwp%2Fv2%2Fmedia&parent=5312"}],"wp:term":[{"taxonomy":"category","embeddable":true,"href":"https:\/\/www.semanariolocal.cl\/index.php?rest_route=%2Fwp%2Fv2%2Fcategories&post=5312"},{"taxonomy":"post_tag","embeddable":true,"href":"https:\/\/www.semanariolocal.cl\/index.php?rest_route=%2Fwp%2Fv2%2Ftags&post=5312"}],"curies":[{"name":"wp","href":"https:\/\/api.w.org\/{rel}","templated":true}]}}