{"id":5309,"date":"2022-04-11T14:09:42","date_gmt":"2022-04-11T18:09:42","guid":{"rendered":"https:\/\/www.semanariolocal.cl\/?p=5309"},"modified":"2022-04-11T14:09:43","modified_gmt":"2022-04-11T18:09:43","slug":"indap-sera-actor-clave-en-plan-de-apoyo-del-minagri-a-pequenos-productores","status":"publish","type":"post","link":"https:\/\/www.semanariolocal.cl\/?p=5309","title":{"rendered":"Indap ser\u00e1 actor clave en plan de apoyo del Minagri a peque\u00f1os productores ."},"content":{"rendered":"\n<p>Ante el actual escenario nacional y mundial, marcado por los efectos sociales y econ\u00f3micos provocados por la pandemia por Covid-19, especialmente en el mundo rural, el&nbsp;Presidente&nbsp;Gabriel&nbsp;Boric&nbsp;anunci\u00f3 una serie de medidas que apuntan a la reactivaci\u00f3n econ\u00f3mica del pa\u00eds. Complementariamente a ello, el Ministerio de Agricultura dio a conocer el plan \u201cSiembra por Chile\u201d que tiene como objetivo&nbsp;impulsar la reactivaci\u00f3n econ\u00f3mica de la Agricultura Familiar Campesina y la producci\u00f3n&nbsp;del sector&nbsp;silvoagropecuario&nbsp;por medio de la recuperaci\u00f3n y generaci\u00f3n de nuevos empleos.&nbsp;<\/p>\n\n\n\n<p>\u201cEste programa incluye temas con apoyo en la seguridad h\u00eddrica, fertilizantes -que adem\u00e1s esperamos que muchos de ellos sean agroecol\u00f3gicos-, mejoramiento de suelo, un programa de comercializaci\u00f3n campesina y de nuestros pueblos y naciones originarias por todo el pa\u00eds, en un conjunto de proyectos que buscan acompa\u00f1ar y motivar al sector agr\u00edcola a tener confianza, sembrar, a pesar de la grave crisis y costos de fertilizantes, insumos y energ\u00eda. Debemos sembrar por Chile y seguir asegurando&nbsp;la alimentaci\u00f3n para nuestro pueblo\u201d, dijo el&nbsp;Ministro&nbsp;de Agricultura, Esteban Valenzuela.&nbsp;<\/p>\n\n\n\n<p>En la implementaci\u00f3n de este plan ministerial, INDAP tendr\u00e1 un rol relevante, especialmente en aquellas tres l\u00edneas&nbsp;vinculadas&nbsp;a la AFC: mejora y apertura de nuevos espacios de comercializaci\u00f3n de ferias y mercados agroecol\u00f3gicos, relanzamiento de la Expo Mundo Rural (nacional y regional), ampliaci\u00f3n y consolidaci\u00f3n de la Red de Mercados Campesinos e impulso a ferias tem\u00e1ticas (vino, miel, artesan\u00eda, turismo rural); con un presupuesto de $1.080 millones generar\u00e1 cerca de 5.500 empleos (directos e indirectos).&nbsp;&nbsp;<\/p>\n\n\n\n<p>En otras de las acciones, el plan \u201cSiembra por Chile\u201d&nbsp;impulsar\u00e1 el establecimiento de cultivos tradicionales, entregando&nbsp;apoyos econ\u00f3micos que pueden llegar hasta los cinco millones de pesos por agricultor; tendr\u00e1 un presupuesto ministerial (reasignado) de $10.000 millones y se implementar\u00e1 entre las regiones Metropolitana y Los Lagos, focalizando su acci\u00f3n en la inclusi\u00f3n de mujeres jefas de hogar y reactivando 10.000 empleos.&nbsp;&nbsp;<\/p>\n\n\n\n<p>La tercera l\u00ednea de trabajo en la que INDAP cumplir\u00e1 un rol clave corresponde&nbsp;a las emergencias agr\u00edcolas que, a partir de la entrega de apoyos, busca que los peque\u00f1os agricultores recuperen el capital de trabajo afectado y sus actividades productivas; esta medida se ejecutar\u00e1 conjuntamente con los municipios rurales y para ello se reasignar\u00e1n $14.500 millones de pesos y pretende recuperar puestos de trabajos que reactiven las econom\u00edas locales.&nbsp;<\/p>\n\n\n\n<p>\u00abEn el marco del programa Siembra por Chile, tendremos un rol principal y asumimos ese desaf\u00edo con responsabilidad. Enfrentar la crisis clim\u00e1tica que afecta a la agricultura como tambi\u00e9n a otros rubros productivos y, por cierto, a la sociedad en su conjunto, nos obliga a actuar r\u00e1pido y con precisi\u00f3n para ayudar a miles de peque\u00f1os productores y productoras que requieren del apoyo de INDAP. Trabajaremos para que nuestros usuarios y usuarias accedan a ayudas de emergencia, pero con nuestros programas regulares de asesor\u00eda apoyaremos la producci\u00f3n con enfoque agroecol\u00f3gica y tambi\u00e9n la comercializaci\u00f3n con el impulso de la Expo Mundo Rural, tanto nacional como en regiones, la Red de Mercados Campesinos, entre otras&nbsp;acciones\u00bb, detall\u00f3 el director nacional de INDAP, Santiago Rojas Alessandri.&nbsp;&nbsp;<\/p>\n\n\n\n<p>Con la implementaci\u00f3n de este plan ministerial se busca, adem\u00e1s de reimpulsar la actividad productiva de los peque\u00f1os agricultores y sus familias, asegurar el funcionamiento de la cadena de alimentos y resguardar la seguridad alimentaria y la producci\u00f3n&nbsp;agr\u00edcola.<\/p>\n","protected":false},"excerpt":{"rendered":"<p>Tras del anuncio del plan \u201cSiembra por Chile\u201d, realizado por el Ministerio de Agricultura, el Instituto de Desarrollo Agropecuario, ser\u00e1 el encargado de llevar a cabo tres de las acciones dadas a conocer: mejorar y crear nuevos espacios de comercializaci\u00f3n para la Agricultura Familiar Campesina, impulsar la siembra de cultivos tradicionales apoyando la compra de insumos y apoyar a los peque\u00f1os agricultores con forraje, fertilizantes, semillas y equipamiento para riego tecnificado, etc\u00e9tera, que se vean afectados por emergencias agr\u00edcolas.<\/p>\n","protected":false},"author":1,"featured_media":5310,"comment_status":"closed","ping_status":"closed","sticky":false,"template":"","format":"standard","meta":{"footnotes":""},"categories":[20],"tags":[],"class_list":["post-5309","post","type-post","status-publish","format-standard","has-post-thumbnail","hentry","category-agro"],"_links":{"self":[{"href":"https:\/\/www.semanariolocal.cl\/index.php?rest_route=\/wp\/v2\/posts\/5309","targetHints":{"allow":["GET"]}}],"collection":[{"href":"https:\/\/www.semanariolocal.cl\/index.php?rest_route=\/wp\/v2\/posts"}],"about":[{"href":"https:\/\/www.semanariolocal.cl\/index.php?rest_route=\/wp\/v2\/types\/post"}],"author":[{"embeddable":true,"href":"https:\/\/www.semanariolocal.cl\/index.php?rest_route=\/wp\/v2\/users\/1"}],"replies":[{"embeddable":true,"href":"https:\/\/www.semanariolocal.cl\/index.php?rest_route=%2Fwp%2Fv2%2Fcomments&post=5309"}],"version-history":[{"count":1,"href":"https:\/\/www.semanariolocal.cl\/index.php?rest_route=\/wp\/v2\/posts\/5309\/revisions"}],"predecessor-version":[{"id":5311,"href":"https:\/\/www.semanariolocal.cl\/index.php?rest_route=\/wp\/v2\/posts\/5309\/revisions\/5311"}],"wp:featuredmedia":[{"embeddable":true,"href":"https:\/\/www.semanariolocal.cl\/index.php?rest_route=\/wp\/v2\/media\/5310"}],"wp:attachment":[{"href":"https:\/\/www.semanariolocal.cl\/index.php?rest_route=%2Fwp%2Fv2%2Fmedia&parent=5309"}],"wp:term":[{"taxonomy":"category","embeddable":true,"href":"https:\/\/www.semanariolocal.cl\/index.php?rest_route=%2Fwp%2Fv2%2Fcategories&post=5309"},{"taxonomy":"post_tag","embeddable":true,"href":"https:\/\/www.semanariolocal.cl\/index.php?rest_route=%2Fwp%2Fv2%2Ftags&post=5309"}],"curies":[{"name":"wp","href":"https:\/\/api.w.org\/{rel}","templated":true}]}}