{"id":5305,"date":"2022-04-09T14:38:33","date_gmt":"2022-04-09T18:38:33","guid":{"rendered":"https:\/\/www.semanariolocal.cl\/?p=5305"},"modified":"2022-04-09T14:38:33","modified_gmt":"2022-04-09T18:38:33","slug":"durante-mayo-se-reiniciaran-las-obras-de-construccion-del-centro-de-dialisis-de-calbuco","status":"publish","type":"post","link":"https:\/\/www.semanariolocal.cl\/?p=5305","title":{"rendered":"Durante mayo se reiniciaran las obras de construcci\u00f3n del centro de di\u00e1lisis de Calbuco"},"content":{"rendered":"\n<p>El Servicio de Salud del Reloncav\u00ed confirm\u00f3 que se pudo realizar un nuevo contrato con la empresa GROSS, lo que permitir\u00e1 retomar las obras de construcci\u00f3n del anhelado centro de di\u00e1lisis de la comuna de Calbuco.<\/p>\n\n\n\n<p>Se trata de una inversi\u00f3n del Gobierno Regional de Los Lagos que supera los $2.300 millones FNDR y contempla cerca de 1000 m2 de construcci\u00f3n y un total de 12 sillones de di\u00e1lisis. El plazo de ejecuci\u00f3n es de 360 d\u00edas y la unidad t\u00e9cnica est\u00e1 a cargo del Servicio de Salud de Reloncav\u00ed.<\/p>\n\n\n\n<p>El gobernador regional, Patricio Vallespin, asegur\u00f3 que \u201cestamos muy contentos que el Servicio de Salud haya resuelto lo que planteamos como Gobierno Regional y como gobernador poder volver a reiniciar estas obras que son tan importantes para toda la comunidad. De esta manera, hemos complementado los recursos y adem\u00e1s colocamos recursos adicionales, con lo cual, pudimos acelerar ese proceso\u201d.<\/p>\n\n\n\n<p>Juan Francisco Calbucoy, alcalde de Calbuco, agreg\u00f3 que \u201cEsto fue una obra que impuls\u00f3 la comunidad de Calbuco y por supuesto las personas que se organizaron para esto. Lamentablemente y producto de la pandemia la empresa que hab\u00eda tomado la obra tuvo que paralizar la construcci\u00f3n, por lo cual yo en mi rol de alcalde, junto al Concejo Municipal en pleno, decidimos impulsar ante el Gobierno Regional que se reasignen los recursos y que nos permite el d\u00eda de hoy dar esta buena noticia\u201d.<\/p>\n\n\n\n<p>Este proyecto tuvo un t\u00e9rmino anticipado de contrato y hoy lo toma la Constructora Gross que cuenta con una experiencia de m\u00e1s de 20 a\u00f1os en el rubro, en particular en el \u00e1rea sanitaria, destacando en nuestro territorio la construcci\u00f3n del Consultorio General Rural (CGR) de Tegualda en la comuna de Fresia.<\/p>\n","protected":false},"excerpt":{"rendered":"<p>El Servicio de Salud del Reloncav\u00ed confirm\u00f3 que se pudo realizar un nuevo contrato con la empresa GROSS, lo que permitir\u00e1 retomar las obras de construcci\u00f3n del anhelado centro de di\u00e1lisis de la comuna de Calbuco. Se trata de una inversi\u00f3n del Gobierno Regional de Los Lagos que supera los $2.300 millones FNDR y contempla&#8230;<a class=\"btnReadMore\" href=\"https:\/\/www.semanariolocal.cl\/?p=5305\"> Leer M\u00e1s<\/a><\/p>\n","protected":false},"author":1,"featured_media":5306,"comment_status":"closed","ping_status":"closed","sticky":false,"template":"","format":"standard","meta":{"footnotes":""},"categories":[3,8],"tags":[],"class_list":["post-5305","post","type-post","status-publish","format-standard","has-post-thumbnail","hentry","category-al-dia","category-comunas"],"_links":{"self":[{"href":"https:\/\/www.semanariolocal.cl\/index.php?rest_route=\/wp\/v2\/posts\/5305","targetHints":{"allow":["GET"]}}],"collection":[{"href":"https:\/\/www.semanariolocal.cl\/index.php?rest_route=\/wp\/v2\/posts"}],"about":[{"href":"https:\/\/www.semanariolocal.cl\/index.php?rest_route=\/wp\/v2\/types\/post"}],"author":[{"embeddable":true,"href":"https:\/\/www.semanariolocal.cl\/index.php?rest_route=\/wp\/v2\/users\/1"}],"replies":[{"embeddable":true,"href":"https:\/\/www.semanariolocal.cl\/index.php?rest_route=%2Fwp%2Fv2%2Fcomments&post=5305"}],"version-history":[{"count":1,"href":"https:\/\/www.semanariolocal.cl\/index.php?rest_route=\/wp\/v2\/posts\/5305\/revisions"}],"predecessor-version":[{"id":5307,"href":"https:\/\/www.semanariolocal.cl\/index.php?rest_route=\/wp\/v2\/posts\/5305\/revisions\/5307"}],"wp:featuredmedia":[{"embeddable":true,"href":"https:\/\/www.semanariolocal.cl\/index.php?rest_route=\/wp\/v2\/media\/5306"}],"wp:attachment":[{"href":"https:\/\/www.semanariolocal.cl\/index.php?rest_route=%2Fwp%2Fv2%2Fmedia&parent=5305"}],"wp:term":[{"taxonomy":"category","embeddable":true,"href":"https:\/\/www.semanariolocal.cl\/index.php?rest_route=%2Fwp%2Fv2%2Fcategories&post=5305"},{"taxonomy":"post_tag","embeddable":true,"href":"https:\/\/www.semanariolocal.cl\/index.php?rest_route=%2Fwp%2Fv2%2Ftags&post=5305"}],"curies":[{"name":"wp","href":"https:\/\/api.w.org\/{rel}","templated":true}]}}