{"id":5302,"date":"2022-04-09T14:35:51","date_gmt":"2022-04-09T18:35:51","guid":{"rendered":"https:\/\/www.semanariolocal.cl\/?p=5302"},"modified":"2022-04-09T14:35:54","modified_gmt":"2022-04-09T18:35:54","slug":"ministro-valenzuela-presenta-plan-siembra-por-chile-con-inversion-de-mas-de-32-mil-millones","status":"publish","type":"post","link":"https:\/\/www.semanariolocal.cl\/?p=5302","title":{"rendered":"Ministro Valenzuela presenta plan \u201cSiembra por Chile\u201d\u00a0con inversi\u00f3n de m\u00e1s de $32 mil millones\u00a0"},"content":{"rendered":"\n<p>En la firma de la extensi\u00f3n por 3 meses de la Emergencia Agr\u00edcola, el ministro de Agricultura, Esteban Valenzuela, dio a conocer en Temuco, Regi\u00f3n de La Araucan\u00eda, detalles del nuevo plan \u201cSiembra por Chile\u201d, el cual forma parte de las medidas de reactivaci\u00f3n econ\u00f3mica, mitigaci\u00f3n de precios y creaci\u00f3n de empleos que el Gobierno de Chile implementar\u00e1 a gran escala en todo el pa\u00eds.&nbsp;&nbsp;<\/p>\n\n\n\n<p>Acompa\u00f1ado de las principales autoridades regionales, parlamentarios y alcaldes de la regi\u00f3n, Valenzuela se\u00f1al\u00f3 que \u201ceste es un esfuerzo de diferentes programas del Ministerio de Agricultura, sus servicios, que va a movilizar junto a los municipios m\u00e1s de 30 mil millones de pesos con foco en la agricultura familiar campesina y en las comunidades de nuestros pueblos y naciones ind\u00edgenas. Este programa incluye temas con apoyo en la seguridad h\u00eddrica, fertilizantes -que adem\u00e1s esperamos que muchos de ellos sean agroecol\u00f3gicos-, mejoramiento de suelo, un programa de comercializaci\u00f3n campesina y de nuestros pueblos y naciones originarias por todo el pa\u00eds, en un conjunto de proyectos que buscan acompa\u00f1ar y motivar al sector agr\u00edcola a tener confianza, sembrar, a pesar de la grave crisis y costos de fertilizantes, insumos y energ\u00eda. Debemos sembrar por Chile y seguir asegurando la alimentaci\u00f3n para nuestro pueblo\u201d.&nbsp;<\/p>\n\n\n\n<p><strong>RESTAURACI\u00d3N BOSQUE NATIVO<\/strong><strong>&nbsp;<\/strong><\/p>\n\n\n\n<p>Dentro de las medidas de apoyo, destacan cuatro ejes que vinculan al sector silvoagropecuario. El primero de ellos es un plan de restauraci\u00f3n de bosque nativo, a cargo de Conaf, que implicar\u00e1 $6 mil millones. Considera la ejecuci\u00f3n de actividades para iniciar procesos de restauraci\u00f3n, un programa de recolecci\u00f3n de semillas y el fortalecimiento de viveros. Permitir\u00e1 la creaci\u00f3n de m\u00e1s de 10 mil empleos, entre directos e indirectos, y vincular\u00e1 a municipios desde las regiones de Coquimbo hasta Magallanes.&nbsp;<\/p>\n\n\n\n<p><strong>CULTIVOS TRADICIONALES<\/strong><strong>&nbsp;<\/strong><\/p>\n\n\n\n<p>Un segundo punto que abordar\u00e1 \u201cSiembra por Chile\u201d ser\u00e1 impulsar el establecimiento de cultivos tradicionales, apoyando con capital para la adquisici\u00f3n de insumos afectados por alzas de precios internacionales. Considera un apoyo econ\u00f3mico promedio de $200.000 por hect\u00e1rea (m\u00e1ximo 5 hect\u00e1reas) para la adquisici\u00f3n de insumos (fertilizantes, semillas, otros). En total, son $10 mil millones que Indap asignar\u00e1, a trav\u00e9s de concursos p\u00fablicos, a partir de mayo y desde las regiones Metropolitana hasta Los Lagos.&nbsp;<\/p>\n\n\n\n<p><strong>D\u00c9FICIT H\u00cdDRICO<\/strong><strong>&nbsp;<\/strong><\/p>\n\n\n\n<p>Tambi\u00e9n se continuar\u00e1 trabajando la tem\u00e1tica de la emergencia agr\u00edcola por d\u00e9ficit h\u00eddrico, y para ello se apoyar\u00e1 a la Agricultura Familiar Campesina (AFC) afectada para poder avanzar en la recuperaci\u00f3n de su capital productivo. Considera apoyos tales como forraje, material para riego intrapredial, fertilizantes y otros. Son $14.500 millones que se distribuir\u00e1n en las 263 comunas que se encuentran en esta situaci\u00f3n a lo largo de todo Chile.&nbsp;<\/p>\n\n\n\n<p><strong>FERIAS Y ESPACIOS DE COMERCIALIZACI\u00d3N<\/strong><strong>&nbsp;<\/strong><\/p>\n\n\n\n<p>Finalmente, Indap destinar\u00e1 m\u00e1s de $1.000 millones para la reposici\u00f3n, mejora y creaci\u00f3n de espacios para la comercializaci\u00f3n de la AFC, artesan\u00eda y fortalecimiento de ferias libres y fiestas campesinas. Considera el relanzamiento de la Expo Mundo Rural Nacional, Expo Mundo Rural Regional, Ferias tem\u00e1ticas y regionales (D\u00eda de la Miel, D\u00eda del Vino, D\u00eda Mundial del Turismo con Artesan\u00eda y Turismo Rural, etc.) y Mercados Campesinos (45 iniciativas a nivel regional). Su impacto es nacional y permitir\u00e1 hasta 5 mil empleos entre directos e indirectos.&nbsp;<\/p>\n\n\n\n<p><strong>Descentralizaci\u00f3n de Conaf&nbsp;<\/strong><\/p>\n\n\n\n<p>La ocasi\u00f3n permiti\u00f3 tambi\u00e9n marcar un hito en la descentralizaci\u00f3n, ya que el ministro Valenzuela anunci\u00f3 que la gerencia de Bosques y Cambio Clim\u00e1tico de Conaf -encabezada por Constanza Troppa- comenzar\u00e1 a funcionar de manera presencial y principal en la Regi\u00f3n de la Araucan\u00eda. Ello permitir\u00e1 desconcentraci\u00f3n, acci\u00f3n y respuesta en el \u00e1rea, con la inmediatez que permitir\u00e1 estar funcionando en la zona donde m\u00e1s impacto posee dicha gerencia.\u00a0<\/p>\n\n\n\n<figure class=\"wp-block-embed is-type-video is-provider-youtube wp-block-embed-youtube wp-embed-aspect-16-9 wp-has-aspect-ratio\"><div class=\"wp-block-embed__wrapper\">\n<ul class=\"bxslider-vid\"><li><iframe loading=\"lazy\" title=\"Lanzan Programa Siembra por Chile\" width=\"1778\" height=\"1000\" src=\"https:\/\/www.youtube.com\/embed\/sZddiw6Az3M?feature=oembed\" frameborder=\"0\" allow=\"accelerometer; autoplay; clipboard-write; encrypted-media; gyroscope; picture-in-picture\" allowfullscreen><\/iframe><\/li><\/ul>\n<\/div><\/figure>\n","protected":false},"excerpt":{"rendered":"<p>Desde Temuco, en la Regi\u00f3n de La Araucan\u00eda -una de las m\u00e1s deprimidas y comprometidas econ\u00f3micamente del pa\u00eds-, el ministro de Agricultura dio a conocer un plan de acci\u00f3n integral que incluir\u00e1 una inyecci\u00f3n de recursos que permitir\u00e1 avanzar en cuatro ejes para la reactivaci\u00f3n y el empleo. <\/p>\n","protected":false},"author":1,"featured_media":5303,"comment_status":"closed","ping_status":"closed","sticky":false,"template":"","format":"standard","meta":{"footnotes":""},"categories":[20,12,9],"tags":[],"class_list":["post-5302","post","type-post","status-publish","format-standard","has-post-thumbnail","hentry","category-agro","category-economia","category-gobierno"],"_links":{"self":[{"href":"https:\/\/www.semanariolocal.cl\/index.php?rest_route=\/wp\/v2\/posts\/5302","targetHints":{"allow":["GET"]}}],"collection":[{"href":"https:\/\/www.semanariolocal.cl\/index.php?rest_route=\/wp\/v2\/posts"}],"about":[{"href":"https:\/\/www.semanariolocal.cl\/index.php?rest_route=\/wp\/v2\/types\/post"}],"author":[{"embeddable":true,"href":"https:\/\/www.semanariolocal.cl\/index.php?rest_route=\/wp\/v2\/users\/1"}],"replies":[{"embeddable":true,"href":"https:\/\/www.semanariolocal.cl\/index.php?rest_route=%2Fwp%2Fv2%2Fcomments&post=5302"}],"version-history":[{"count":1,"href":"https:\/\/www.semanariolocal.cl\/index.php?rest_route=\/wp\/v2\/posts\/5302\/revisions"}],"predecessor-version":[{"id":5304,"href":"https:\/\/www.semanariolocal.cl\/index.php?rest_route=\/wp\/v2\/posts\/5302\/revisions\/5304"}],"wp:featuredmedia":[{"embeddable":true,"href":"https:\/\/www.semanariolocal.cl\/index.php?rest_route=\/wp\/v2\/media\/5303"}],"wp:attachment":[{"href":"https:\/\/www.semanariolocal.cl\/index.php?rest_route=%2Fwp%2Fv2%2Fmedia&parent=5302"}],"wp:term":[{"taxonomy":"category","embeddable":true,"href":"https:\/\/www.semanariolocal.cl\/index.php?rest_route=%2Fwp%2Fv2%2Fcategories&post=5302"},{"taxonomy":"post_tag","embeddable":true,"href":"https:\/\/www.semanariolocal.cl\/index.php?rest_route=%2Fwp%2Fv2%2Ftags&post=5302"}],"curies":[{"name":"wp","href":"https:\/\/api.w.org\/{rel}","templated":true}]}}