{"id":5299,"date":"2022-04-09T13:08:26","date_gmt":"2022-04-09T17:08:26","guid":{"rendered":"https:\/\/www.semanariolocal.cl\/?p=5299"},"modified":"2022-04-09T13:08:26","modified_gmt":"2022-04-09T17:08:26","slug":"ministro-s-de-energia-encabeza-encuentro-participativo-en-chiloe","status":"publish","type":"post","link":"https:\/\/www.semanariolocal.cl\/?p=5299","title":{"rendered":"Ministro\u00a0(s) de Energ\u00eda encabeza Encuentro Participativo en Chilo\u00e9"},"content":{"rendered":"\n<p>Con la finalidad de recoger informaci\u00f3n regional en materia energ\u00e9tica, se realiz\u00f3 el Encuentro Participativo en la comuna de Castro, en el marco de la construcci\u00f3n de la Agenda de Energ\u00eda 2022-2026 del Ministerio de Energ\u00eda, que fijar\u00e1 los desaf\u00edos y lineamientos a trabajar en estos cuatros a\u00f1os en todo el pa\u00eds.&nbsp;<\/p>\n\n\n\n<p>La actividad, que fue presidida por el ministro (s) de Energ\u00eda, Julio Maturana, cont\u00f3 con la participaci\u00f3n del alcalde Juan Eduardo Vera, la seremi de Energ\u00eda de Los Lagos, Liliana Alarc\u00f3n, la Delegada Presidencial de Chilo\u00e9, Mariela N\u00fa\u00f1ez, el director regional de la SEC, \u00c1lvaro Loma-Osorio y otras autoridades regionales. Tambi\u00e9n se sumaron representantes de distintos actores sociales, como juntas de vecinos, dirigentes, comunidades ind\u00edgenas, comerciantes y productores de le\u00f1a, entre otros.&nbsp;<\/p>\n\n\n\n<p>Durante el taller participativo, el ministro de Energ\u00eda (s) explic\u00f3 la importancia de esta iniciativa.&nbsp;\u201cEstuvimos en el taller en Castro en la regi\u00f3n de Los Lagos. Tuvimos mucha participaci\u00f3n, m\u00e1s de 50 personas participaron en este taller, como la ciudadan\u00eda, empresa, consultora, academia y tambi\u00e9n del sector p\u00fablico. Muchas personas conversando sobre los lineamientos energ\u00e9ticos del periodo 2022-2026. Tratamos muchos temas, como los sistemas aislados, el precio de la electricidad y de los combustibles y por supuesto el tema de la le\u00f1a, una de las principales tem\u00e1ticas para toda la regi\u00f3n por el uso importante que se le da a este combustible y la importancia para todas las familias en su calefacci\u00f3n\u201d.<\/p>\n\n\n\n<p>Adem\u00e1s, la autoridad ministerial agreg\u00f3 que \u201cvamos a estar anotando todas las inquietudes de todas las personas y agreg\u00e1ndolo a nuestra planificaci\u00f3n estrat\u00e9gica Agenda de Energ\u00eda 2022-2026. Vamos a seguir recorriendo todas las regiones del pa\u00eds\u201d, recalc\u00f3.<\/p>\n\n\n\n<p>Edith Canio, miembro de la Mesa Forestal Intercultural Ind\u00edgena de la provincia de Osorno, coment\u00f3 que \u201cagradezco la invitaci\u00f3n que nos hizo el Ministerio de Energ\u00eda de participar en este proceso de preguntarle a las distintas familias de los distintos territorios el trabajo que se pretende hacer en estos cuatro a\u00f1os\u2026 Fue bastante din\u00e1mico, un conversatorio ameno donde cada uno de los participantes pudimos dar nuestro punto de vista, lo que necesitamos y lo que queremos que se aborde en esta nueva agenda. Siempre nosotros como mapuches apelamos a la participaci\u00f3n, a que se nos considere y es lo que deber\u00edan hacer todos los ministerios, bajar a las regiones y escuchar a las familias sus demandas y necesidades\u201d.<\/p>\n\n\n\n<p>Juan Carlos Manosalva, comerciante de le\u00f1a certificada en la provincia de Chilo\u00e9, sostuvo que este taller \u201cfue muy din\u00e1mico, la posibilidad de compartir con diferentes personas de distintas \u00e1reas. Estoy conforme con las expectativas, la verdad es que me voy feliz, porque hay harta juventud, lo que me llama mucho la atenci\u00f3n y, por ende, hay muchas ganas de hacer muchas cosas y de mejorarlas. Muy agradecido de esta invitaci\u00f3n\u201d.&nbsp;<\/p>\n\n\n\n<p>Mientras que el alcalde de Castro indic\u00f3 que \u201cestamos muy satisfechos de poder tener este tipo de encuentros con distintas personas de toda la provincia de Chilo\u00e9 con el fin de analizar la estrategia energ\u00e9tica que se va a utilizar de parte del nuevo Gobierno de aqu\u00ed hacia adelante. Por lo tanto, es una actividad muy relevante para nosotros como territorio chilote, felices de que esta actividad se est\u00e9 desarrollando aqu\u00ed en la comuna de Castro. Adem\u00e1s, muy agradecido por toda la gesti\u00f3n que ha desarrollado nuestra seremi de Energ\u00eda, Liliana Alarc\u00f3n, que viene justamente a ver cu\u00e1l es objetivo que vamos a tener como territorio de aqu\u00ed en adelante\u201d.<\/p>\n\n\n\n<p>Por su parte, la Delegada Presidencial de Chilo\u00e9 sostuvo que \u201cme parece muy relevante realizar una planificaci\u00f3n partiendo el Gobierno que es de cuatro a\u00f1os y que nos permitir\u00e1 organizar las actividades que vamos a ir realizando en esta administraci\u00f3n. Ac\u00e1 en Chilo\u00e9 tenemos generaci\u00f3n el\u00e9ctrica en base a petr\u00f3leo y bajo el escenario de cambio clim\u00e1tico y crisis h\u00eddrica debemos ir avanzando hacia energ\u00edas renovables no convencionales, sin embargo, esas energ\u00edas tampoco se pueden instalar en cualquier parte y necesitamos un plan territorial que nos permita saber d\u00f3nde vamos a instalar nuestra capacidad energ\u00e9tica y cu\u00e1l es la energ\u00eda que necesitamos en el largo plazo, hablamos de 20, 30 a\u00f1os, ojal\u00e1&nbsp; en todas las comunas tengamos esa informaci\u00f3n de manera de planificar nuestra producci\u00f3n energ\u00e9tica\u201d.<\/p>\n\n\n\n<p>Para la elaboraci\u00f3n de esta agenda, se est\u00e1n realizando encuentros en todas las regiones del pa\u00eds para escuchar a la ciudadan\u00eda, pueblos ind\u00edgenas, representantes de empresas, gremios, academia, organizaciones de la sociedad civil y actores del sector p\u00fablico, con el objetivo de obtener distintas miradas y con ello informaci\u00f3n esencial que permita abordar de manera descentralizada los importantes desaf\u00edos que tenemos como pa\u00eds en materia energ\u00e9tica.&nbsp;<\/p>\n\n\n\n<p>La Agenda de Energ\u00eda 2022-2026, ser\u00e1 un complemento a la Pol\u00edtica Energ\u00e9tica Nacional, esta considera distintas modalidades de participaci\u00f3n como encuentros presenciales, talleres tem\u00e1ticos online y participaci\u00f3n desde esta misma plataforma.&nbsp;<\/p>\n","protected":false},"excerpt":{"rendered":"<p>Julio Maturana explic\u00f3 que el objetivo de esta actividad ciudadana es obtener la mirada regional y con ello informaci\u00f3n<br \/>\n esencial que permitir\u00e1 abordar de manera descentralizada los importantes desaf\u00edos del pa\u00eds en materia energ\u00e9tica. <\/p>\n","protected":false},"author":1,"featured_media":5300,"comment_status":"closed","ping_status":"closed","sticky":false,"template":"","format":"standard","meta":{"footnotes":""},"categories":[3,9],"tags":[],"class_list":["post-5299","post","type-post","status-publish","format-standard","has-post-thumbnail","hentry","category-al-dia","category-gobierno"],"_links":{"self":[{"href":"https:\/\/www.semanariolocal.cl\/index.php?rest_route=\/wp\/v2\/posts\/5299","targetHints":{"allow":["GET"]}}],"collection":[{"href":"https:\/\/www.semanariolocal.cl\/index.php?rest_route=\/wp\/v2\/posts"}],"about":[{"href":"https:\/\/www.semanariolocal.cl\/index.php?rest_route=\/wp\/v2\/types\/post"}],"author":[{"embeddable":true,"href":"https:\/\/www.semanariolocal.cl\/index.php?rest_route=\/wp\/v2\/users\/1"}],"replies":[{"embeddable":true,"href":"https:\/\/www.semanariolocal.cl\/index.php?rest_route=%2Fwp%2Fv2%2Fcomments&post=5299"}],"version-history":[{"count":1,"href":"https:\/\/www.semanariolocal.cl\/index.php?rest_route=\/wp\/v2\/posts\/5299\/revisions"}],"predecessor-version":[{"id":5301,"href":"https:\/\/www.semanariolocal.cl\/index.php?rest_route=\/wp\/v2\/posts\/5299\/revisions\/5301"}],"wp:featuredmedia":[{"embeddable":true,"href":"https:\/\/www.semanariolocal.cl\/index.php?rest_route=\/wp\/v2\/media\/5300"}],"wp:attachment":[{"href":"https:\/\/www.semanariolocal.cl\/index.php?rest_route=%2Fwp%2Fv2%2Fmedia&parent=5299"}],"wp:term":[{"taxonomy":"category","embeddable":true,"href":"https:\/\/www.semanariolocal.cl\/index.php?rest_route=%2Fwp%2Fv2%2Fcategories&post=5299"},{"taxonomy":"post_tag","embeddable":true,"href":"https:\/\/www.semanariolocal.cl\/index.php?rest_route=%2Fwp%2Fv2%2Ftags&post=5299"}],"curies":[{"name":"wp","href":"https:\/\/api.w.org\/{rel}","templated":true}]}}