{"id":5293,"date":"2022-04-09T12:55:19","date_gmt":"2022-04-09T16:55:19","guid":{"rendered":"https:\/\/www.semanariolocal.cl\/?p=5293"},"modified":"2022-04-09T12:55:22","modified_gmt":"2022-04-09T16:55:22","slug":"diputados-udi-norma-de-la-cc-que-busca-prohibir-contratos-de-honorarios-destruiran-a-las-pymes","status":"publish","type":"post","link":"https:\/\/www.semanariolocal.cl\/?p=5293","title":{"rendered":"Diputados UDI: Norma de la CC que busca  prohibir contratos de honorarios destruir\u00e1n a las pymes"},"content":{"rendered":"\n<p>Con estupor reaccionaron los diputados de la UDI, Cristian Labb\u00e9 y Gustavo Benavente, luego que la comisi\u00f3n de derechos fundamentales de la Convenci\u00f3n Constitucional aprobara normas que proh\u00edben los contratos de honorarios y la externalizaci\u00f3n de servicios.<\/p>\n\n\n\n<p>Al respecto, los legisladores se\u00f1alaron que estas normas \u201cproducen un efecto negativo precisamente en el empleo, pues a los contratos a honorarios son para tareas espec\u00edficas por un tiempo determinado, y si lo que quieren es regular la situaci\u00f3n que se da en ciertos servicios p\u00fablicos, lo que se debe hacer es regular esa relaci\u00f3n laboral, pero no prohibir el contrato a honorario\u201d.<\/p>\n\n\n\n<p>\u201cY con prohibir la externalizaci\u00f3n de servicios, est\u00e1n matando a miles de Pymes que precisamente generan empleo, pero al restringir ese tipo de relaci\u00f3n laboral, le impedir\u00e1n a miles de personas de poder acceder a un trabajo, aumentando los niveles de cesant\u00eda\u201d, agregaron.<\/p>\n\n\n\n<p>\u201cLamentablemente\u201d, subrayaron Labb\u00e9 y Benavente, \u201cestas normas en vez de flexibilizar las relaciones laborales, que es la tendencia a nivel mundial, la ponen cada vez m\u00e1s r\u00edgida e impiden a una persona tener la posibilidad de generar alg\u00fan ingreso extra para sus familias\u201d.<\/p>\n\n\n\n<p>\u201cEsperamos que el pleno de la CC entienda lo nefasto que ser\u00eda para la econom\u00eda y el desarrollo del pa\u00eds, pues el esfuerzo de muchas personas que prestan servicios que no son propios al giro de una empresa, no podr\u00e1n trabajar. Y si lo hacen, ser\u00e1 en condiciones de informalidad y de mayor precariedad\u201d, cerraron los diputados.<\/p>\n","protected":false},"excerpt":{"rendered":"<p>Gustavo Benavente y Cristi\u00e1n Labbe aseguraron que la izquierda tiene una ceguera y desconexi\u00f3n absoluta con la realidad del pa\u00eds\u201d.<\/p>\n","protected":false},"author":1,"featured_media":5294,"comment_status":"closed","ping_status":"closed","sticky":false,"template":"","format":"standard","meta":{"footnotes":""},"categories":[3,6],"tags":[],"class_list":["post-5293","post","type-post","status-publish","format-standard","has-post-thumbnail","hentry","category-al-dia","category-politica"],"_links":{"self":[{"href":"https:\/\/www.semanariolocal.cl\/index.php?rest_route=\/wp\/v2\/posts\/5293","targetHints":{"allow":["GET"]}}],"collection":[{"href":"https:\/\/www.semanariolocal.cl\/index.php?rest_route=\/wp\/v2\/posts"}],"about":[{"href":"https:\/\/www.semanariolocal.cl\/index.php?rest_route=\/wp\/v2\/types\/post"}],"author":[{"embeddable":true,"href":"https:\/\/www.semanariolocal.cl\/index.php?rest_route=\/wp\/v2\/users\/1"}],"replies":[{"embeddable":true,"href":"https:\/\/www.semanariolocal.cl\/index.php?rest_route=%2Fwp%2Fv2%2Fcomments&post=5293"}],"version-history":[{"count":1,"href":"https:\/\/www.semanariolocal.cl\/index.php?rest_route=\/wp\/v2\/posts\/5293\/revisions"}],"predecessor-version":[{"id":5295,"href":"https:\/\/www.semanariolocal.cl\/index.php?rest_route=\/wp\/v2\/posts\/5293\/revisions\/5295"}],"wp:featuredmedia":[{"embeddable":true,"href":"https:\/\/www.semanariolocal.cl\/index.php?rest_route=\/wp\/v2\/media\/5294"}],"wp:attachment":[{"href":"https:\/\/www.semanariolocal.cl\/index.php?rest_route=%2Fwp%2Fv2%2Fmedia&parent=5293"}],"wp:term":[{"taxonomy":"category","embeddable":true,"href":"https:\/\/www.semanariolocal.cl\/index.php?rest_route=%2Fwp%2Fv2%2Fcategories&post=5293"},{"taxonomy":"post_tag","embeddable":true,"href":"https:\/\/www.semanariolocal.cl\/index.php?rest_route=%2Fwp%2Fv2%2Ftags&post=5293"}],"curies":[{"name":"wp","href":"https:\/\/api.w.org\/{rel}","templated":true}]}}