{"id":5290,"date":"2022-04-08T12:44:00","date_gmt":"2022-04-08T16:44:00","guid":{"rendered":"https:\/\/www.semanariolocal.cl\/?p=5290"},"modified":"2022-04-09T12:48:43","modified_gmt":"2022-04-09T16:48:43","slug":"presidenta-del-cplt-valoro-reconocimiento-de-la-libertad-de-expresion-como-derecho-fundamental-en-borrador-de-nuevo-texto-constitucional","status":"publish","type":"post","link":"https:\/\/www.semanariolocal.cl\/?p=5290","title":{"rendered":"Presidenta del CPLT valor\u00f3 reconocimiento de la libertad de expresi\u00f3n como derecho fundamental en borrador de nuevo texto constitucional"},"content":{"rendered":"\n<p>La titular del Consejo para la Transparencia (CPLT), Gloria de la Fuente, se refiri\u00f3 a la relevancia de la consagraci\u00f3n de la libertad de expresi\u00f3n como derecho fundamental, acorde a lo aprobado en el borrador del nuevo texto constitucional, destacado su calidad de derecho habilitante para exigir la rendici\u00f3n de cuentas y permitir la b\u00fasqueda de la verdad, entre otras cuestiones.<\/p>\n\n\n\n<p>\u201cLa libertad de expresi\u00f3n constituye un pilar de la democracia\u201d, afirm\u00f3. \u201cEs un derecho recogido en la Constituci\u00f3n, as\u00ed como en diversos tratados internacionales de derechos humanos suscritos y ratificados por Chile, por lo que es deber del Estado promoverla y protegerla\u201d, dijo. Asimismo, enfatiz\u00f3: \u201ccomo sociedad (se debe) ser inclaudicables en su defensa, evitando cualquier tipo de consigna que relativice su valor\u201d.<\/p>\n\n\n\n<p>Sobre la redacci\u00f3n propuesta plante\u00f3 que \u201cdispone de un marco amplio para entender qu\u00e9 significa y qu\u00e9 abarca su ejercicio\u201d. \u201cA su vez, prohibi\u00f3 la censura previa, sin perjuicio de las responsabilidades ulteriores que determine la ley\u201d, lo que \u201cse vincula con la libre b\u00fasqueda, recepci\u00f3n y difusi\u00f3n de informaciones e ideas de toda \u00edndole y, en ese marco, mantiene un v\u00ednculo estrecho con el acceso a la informaci\u00f3n, derecho fundamental reconocido por la jurisprudencia de la Comisi\u00f3n Interamericana de Derechos Humanos (CIDH), y los tribunales superiores de justicia chilenos\u201d.<\/p>\n\n\n\n<p>De la Fuente afirm\u00f3 adem\u00e1s que \u201clos espacios de ejercicio de este derecho deben asegurarse y evitar limitantes propias de sistemas donde la censura, la imposici\u00f3n arbitraria de informaci\u00f3n y el control, cualquiera que \u00e9ste sea, lo coarten\u201d.<\/p>\n\n\n\n<p>Tambi\u00e9n se refiri\u00f3 a la aprobaci\u00f3n del \u201cpluralismo informativo, la proscripci\u00f3n de sistemas monop\u00f3licos de informaci\u00f3n y, consecuentemente, la promoci\u00f3n de la desconcentraci\u00f3n de los medios, asegurando de esta forma la diversidad de la informaci\u00f3n\u201d.<\/p>\n\n\n\n<p>\u201cAlgunos de estos elementos, atienden a un sistema que otorgue espacios para la autorregulaci\u00f3n, promoviendo que los medios adopten reglas de conductas, y que garanticen la no afectaci\u00f3n de la libertad de expresi\u00f3n, lo que parece coherente con la entidad y contenido de este derecho, y la funci\u00f3n que cumple en nuestro sistema institucional\u201d, finaliz\u00f3<\/p>\n","protected":false},"excerpt":{"rendered":"<p>La titular del Consejo para la Transparencia (CPLT), Gloria de la Fuente, se refiri\u00f3 a la relevancia de la consagraci\u00f3n de la libertad de expresi\u00f3n como derecho fundamental, acorde a lo aprobado en el borrador del nuevo texto constitucional, destacado su calidad de derecho habilitante para exigir la rendici\u00f3n de cuentas y permitir la b\u00fasqueda&#8230;<a class=\"btnReadMore\" href=\"https:\/\/www.semanariolocal.cl\/?p=5290\"> Leer M\u00e1s<\/a><\/p>\n","protected":false},"author":1,"featured_media":5291,"comment_status":"closed","ping_status":"closed","sticky":false,"template":"","format":"standard","meta":{"footnotes":""},"categories":[3],"tags":[],"class_list":["post-5290","post","type-post","status-publish","format-standard","has-post-thumbnail","hentry","category-al-dia"],"_links":{"self":[{"href":"https:\/\/www.semanariolocal.cl\/index.php?rest_route=\/wp\/v2\/posts\/5290","targetHints":{"allow":["GET"]}}],"collection":[{"href":"https:\/\/www.semanariolocal.cl\/index.php?rest_route=\/wp\/v2\/posts"}],"about":[{"href":"https:\/\/www.semanariolocal.cl\/index.php?rest_route=\/wp\/v2\/types\/post"}],"author":[{"embeddable":true,"href":"https:\/\/www.semanariolocal.cl\/index.php?rest_route=\/wp\/v2\/users\/1"}],"replies":[{"embeddable":true,"href":"https:\/\/www.semanariolocal.cl\/index.php?rest_route=%2Fwp%2Fv2%2Fcomments&post=5290"}],"version-history":[{"count":1,"href":"https:\/\/www.semanariolocal.cl\/index.php?rest_route=\/wp\/v2\/posts\/5290\/revisions"}],"predecessor-version":[{"id":5292,"href":"https:\/\/www.semanariolocal.cl\/index.php?rest_route=\/wp\/v2\/posts\/5290\/revisions\/5292"}],"wp:featuredmedia":[{"embeddable":true,"href":"https:\/\/www.semanariolocal.cl\/index.php?rest_route=\/wp\/v2\/media\/5291"}],"wp:attachment":[{"href":"https:\/\/www.semanariolocal.cl\/index.php?rest_route=%2Fwp%2Fv2%2Fmedia&parent=5290"}],"wp:term":[{"taxonomy":"category","embeddable":true,"href":"https:\/\/www.semanariolocal.cl\/index.php?rest_route=%2Fwp%2Fv2%2Fcategories&post=5290"},{"taxonomy":"post_tag","embeddable":true,"href":"https:\/\/www.semanariolocal.cl\/index.php?rest_route=%2Fwp%2Fv2%2Ftags&post=5290"}],"curies":[{"name":"wp","href":"https:\/\/api.w.org\/{rel}","templated":true}]}}