{"id":5277,"date":"2022-04-08T08:29:31","date_gmt":"2022-04-08T12:29:31","guid":{"rendered":"https:\/\/www.semanariolocal.cl\/?p=5277"},"modified":"2022-04-08T08:48:56","modified_gmt":"2022-04-08T12:48:56","slug":"diputado-cristobal-martinez-solicita-al-gobierno-entregar-subsidio-para-compra-de-lena-seca-certificada","status":"publish","type":"post","link":"https:\/\/www.semanariolocal.cl\/?p=5277","title":{"rendered":"Diputado Crist\u00f3bal Mart\u00ednez solicita al Gobierno entregar subsidio para compra de le\u00f1a seca certificada"},"content":{"rendered":"\n<p>En el marco de las ayudas econ\u00f3micas que el Gobierno comprometi\u00f3 anunciar durante los pr\u00f3ximos d\u00edas, el diputado por la Regi\u00f3n de \u00d1uble, Crist\u00f3bal Mart\u00ednez, present\u00f3 un proyecto de resoluci\u00f3n para solicitarle al Ministerio de Hacienda que puedan evaluar la entrega de un subsidio para la compra de le\u00f1a seca certificada, considerando que el grueso de la poblaci\u00f3n en la zona sur del pa\u00eds utilizan estufas a le\u00f1a para calefaccionar sus hogares en invierno.<\/p>\n\n\n\n<p>Al respecto, el parlamentario justific\u00f3 su solicitud en que el precio de la le\u00f1a seca ha aumentado cerca de un 25% en comparaci\u00f3n con el a\u00f1o pasado, principalmente debido al alza en el valor de los combustibles, llegando incluso a los $45.000 el metro c\u00fabico en algunas zonas del sur.<\/p>\n\n\n\n<p>\u201cSi consideramos que una familia utiliza cerca de seis metros c\u00fabicos para sortear el invierno, estamos hablando de $270.000 pesos que tendr\u00e1n que gastar este a\u00f1o s\u00f3lo para calefaccionarse, sin contar que muchas familias tambi\u00e9n usan cocinas a le\u00f1a para alimentarse, por lo que tendr\u00edan que gastar mucho m\u00e1s\u201d, advirti\u00f3 el diputado Mart\u00ednez, quien insisti\u00f3 en que \u201ces urgente conocer la realidad de todo el pa\u00eds y no s\u00f3lo preocuparnos de las formas en c\u00f3mo se calefaccionan en algunas regiones\u201d.<\/p>\n\n\n\n<p>En esa l\u00ednea, el representante de \u00d1uble asegur\u00f3 que \u201cas\u00ed como hemos visto un aumento en el precio de la parafina, lo que hace indispensable buscar f\u00f3rmulas para frenar dicha alza de cara al invierno, tambi\u00e9n es indispensable que realicemos el mismo esfuerzo con el tema de la le\u00f1a seca, que es el principal medio que tienen millones de familias para abrigarse\u201d.<\/p>\n\n\n\n<p>Por lo mismo, Mart\u00ednez explic\u00f3 que junto con solicitar un subsidio para la compra de le\u00f1a seca certificada, tambi\u00e9n le pidi\u00f3 al Gobierno elaborar un programa que permita un recambio de las estufas en la zona sur del pa\u00eds, de manera que las que son a le\u00f1a puedan ser reemplazadas por estufas a pellet. \u201cTenemos que avanzar en esa l\u00ednea, pero mientras tanto no podemos descuidar a los habitantes del sur, menos ahora con estos precios que estamos teniendo\u201d, insisti\u00f3 el diputado.<\/p>\n\n\n\n<figure class=\"wp-block-embed is-type-video is-provider-youtube wp-block-embed-youtube wp-embed-aspect-16-9 wp-has-aspect-ratio\"><div class=\"wp-block-embed__wrapper\">\n<ul class=\"bxslider-vid\"><li><iframe loading=\"lazy\" title=\"Diputado Crist\u00f3bal Mart\u00ednez solicita  subsidio para compra de le\u00f1a\" width=\"1778\" height=\"1000\" src=\"https:\/\/www.youtube.com\/embed\/DDX9seT3MlA?feature=oembed\" frameborder=\"0\" allow=\"accelerometer; autoplay; clipboard-write; encrypted-media; gyroscope; picture-in-picture\" allowfullscreen><\/iframe><\/li><\/ul>\n<\/div><\/figure>\n","protected":false},"excerpt":{"rendered":"<p>El representante de \u00d1uble advirti\u00f3 que el precio ha aumentado un 25% respecto al a\u00f1o pasado, obligando a las familias a gastar cerca de $270 mil pesos para calefaccionarse durante el invierno. <\/p>\n","protected":false},"author":1,"featured_media":5278,"comment_status":"closed","ping_status":"closed","sticky":false,"template":"","format":"standard","meta":{"footnotes":""},"categories":[3],"tags":[],"class_list":["post-5277","post","type-post","status-publish","format-standard","has-post-thumbnail","hentry","category-al-dia"],"_links":{"self":[{"href":"https:\/\/www.semanariolocal.cl\/index.php?rest_route=\/wp\/v2\/posts\/5277","targetHints":{"allow":["GET"]}}],"collection":[{"href":"https:\/\/www.semanariolocal.cl\/index.php?rest_route=\/wp\/v2\/posts"}],"about":[{"href":"https:\/\/www.semanariolocal.cl\/index.php?rest_route=\/wp\/v2\/types\/post"}],"author":[{"embeddable":true,"href":"https:\/\/www.semanariolocal.cl\/index.php?rest_route=\/wp\/v2\/users\/1"}],"replies":[{"embeddable":true,"href":"https:\/\/www.semanariolocal.cl\/index.php?rest_route=%2Fwp%2Fv2%2Fcomments&post=5277"}],"version-history":[{"count":2,"href":"https:\/\/www.semanariolocal.cl\/index.php?rest_route=\/wp\/v2\/posts\/5277\/revisions"}],"predecessor-version":[{"id":5281,"href":"https:\/\/www.semanariolocal.cl\/index.php?rest_route=\/wp\/v2\/posts\/5277\/revisions\/5281"}],"wp:featuredmedia":[{"embeddable":true,"href":"https:\/\/www.semanariolocal.cl\/index.php?rest_route=\/wp\/v2\/media\/5278"}],"wp:attachment":[{"href":"https:\/\/www.semanariolocal.cl\/index.php?rest_route=%2Fwp%2Fv2%2Fmedia&parent=5277"}],"wp:term":[{"taxonomy":"category","embeddable":true,"href":"https:\/\/www.semanariolocal.cl\/index.php?rest_route=%2Fwp%2Fv2%2Fcategories&post=5277"},{"taxonomy":"post_tag","embeddable":true,"href":"https:\/\/www.semanariolocal.cl\/index.php?rest_route=%2Fwp%2Fv2%2Ftags&post=5277"}],"curies":[{"name":"wp","href":"https:\/\/api.w.org\/{rel}","templated":true}]}}