{"id":5253,"date":"2022-04-08T00:36:10","date_gmt":"2022-04-08T04:36:10","guid":{"rendered":"https:\/\/www.semanariolocal.cl\/?p=5253"},"modified":"2022-04-08T00:36:11","modified_gmt":"2022-04-08T04:36:11","slug":"diputado-harry-jurgensen-y-nuevo-papelon-de-izkia-siches-no-entiende-su-rol-como-ministra","status":"publish","type":"post","link":"https:\/\/www.semanariolocal.cl\/?p=5253","title":{"rendered":"Diputado Harry J\u00fcrgensen y nuevo \u201cpapel\u00f3n\u201d de Izkia Siches: \u00abNo entiende su rol como Ministra\u00bb"},"content":{"rendered":"\n<p>\u201cEs inaceptable y no podemos dejar pasar que vayan a mentir frente a otro poder del Estado y despu\u00e9s simplemente pidan disculpas por twitter\u201d, con esas palabras se refiri\u00f3 el diputado Harry J\u00fcrgensen (Ind \u2013 Republicanos) al esc\u00e1ndalo generado por las declaraciones de la Ministra del Interior este mi\u00e9rcoles en la Comisi\u00f3n de Seguridad Ciudadana de la C\u00e1mara de Diputados.<\/p>\n\n\n\n<p>En ella, la secretaria de Estado afirm\u00f3 que el Gobierno hab\u00eda identificado un traslado fallido de migrantes venezolanos, los que fueron devueltos desde Caracas y dejados en libertad en Chile, sin embargo, horas m\u00e1s tarde tuvo que ofrecer disculpas por sus palabras, dado que la informaci\u00f3n entregada a los diputados era falsa.<\/p>\n\n\n\n<p>A ra\u00edz de esto, el parlamentario por la Regi\u00f3n de Los Lagos, junto con condenar lo ocurrido, afirm\u00f3 que \u201cse nos confirma nuevamente la conocida pr\u00e1ctica de los comunistas, el \u00abmiente, miente que algo queda\u00bb, pero ayer parece que la Ministra tuvo un lapsus y se olvid\u00f3 de d\u00f3nde estaba y si no fue as\u00ed, parece que no entiende su rol como Ministra del Interior\u201d.<\/p>\n\n\n\n<p>En esta l\u00ednea, J\u00fcrgensen agreg\u00f3 que \u201ccon algo as\u00ed le hace un tremendo da\u00f1o al pa\u00eds y a nuestra institucionalidad que hace rato a ellos no les importa\u201d.<\/p>\n\n\n\n<p>Dentro del d\u00eda los diputados de la bancada republicana a trav\u00e9s de un comunicado se\u00f1alaron que: \u201cLa seguridad p\u00fablica, la soberan\u00eda y el respeto por nuestras instituciones es fundamental. La ministra del Interior, Izkia Siches, desde el primer d\u00eda ha mostrado una falta absoluta de competencia, capacidades y criterio para ejercer su cargo\u201d.<\/p>\n\n\n\n<p>Tambi\u00e9n pidieron la renuncia de la secretaria de Estado, agregando que esto corona un c\u00famulo de errores en s\u00f3lo 27 d\u00edas, en los que \u201cno solo activamente ha tomado decisiones que han beneficiado a v\u00e1ndalos y delincuentes, profundizando la ideolog\u00eda de la impunidad en nuestro pa\u00eds, sino que ha ejercido su cargo con escaso rigor t\u00e9cnico y profesional, concentr\u00e1ndose en el despliegue de su agenda ideol\u00f3gica\u201d.<\/p>\n","protected":false},"excerpt":{"rendered":"<p>El legislador por la Regi\u00f3n de Los Lagos sostuvo que \u201cse nos confirma nuevamente la conocida pr\u00e1ctica de los comunistas, el \u00abmiente, miente que algo queda\u00bb.<\/p>\n","protected":false},"author":1,"featured_media":5254,"comment_status":"closed","ping_status":"closed","sticky":false,"template":"","format":"standard","meta":{"footnotes":""},"categories":[3],"tags":[],"class_list":["post-5253","post","type-post","status-publish","format-standard","has-post-thumbnail","hentry","category-al-dia"],"_links":{"self":[{"href":"https:\/\/www.semanariolocal.cl\/index.php?rest_route=\/wp\/v2\/posts\/5253","targetHints":{"allow":["GET"]}}],"collection":[{"href":"https:\/\/www.semanariolocal.cl\/index.php?rest_route=\/wp\/v2\/posts"}],"about":[{"href":"https:\/\/www.semanariolocal.cl\/index.php?rest_route=\/wp\/v2\/types\/post"}],"author":[{"embeddable":true,"href":"https:\/\/www.semanariolocal.cl\/index.php?rest_route=\/wp\/v2\/users\/1"}],"replies":[{"embeddable":true,"href":"https:\/\/www.semanariolocal.cl\/index.php?rest_route=%2Fwp%2Fv2%2Fcomments&post=5253"}],"version-history":[{"count":1,"href":"https:\/\/www.semanariolocal.cl\/index.php?rest_route=\/wp\/v2\/posts\/5253\/revisions"}],"predecessor-version":[{"id":5255,"href":"https:\/\/www.semanariolocal.cl\/index.php?rest_route=\/wp\/v2\/posts\/5253\/revisions\/5255"}],"wp:featuredmedia":[{"embeddable":true,"href":"https:\/\/www.semanariolocal.cl\/index.php?rest_route=\/wp\/v2\/media\/5254"}],"wp:attachment":[{"href":"https:\/\/www.semanariolocal.cl\/index.php?rest_route=%2Fwp%2Fv2%2Fmedia&parent=5253"}],"wp:term":[{"taxonomy":"category","embeddable":true,"href":"https:\/\/www.semanariolocal.cl\/index.php?rest_route=%2Fwp%2Fv2%2Fcategories&post=5253"},{"taxonomy":"post_tag","embeddable":true,"href":"https:\/\/www.semanariolocal.cl\/index.php?rest_route=%2Fwp%2Fv2%2Ftags&post=5253"}],"curies":[{"name":"wp","href":"https:\/\/api.w.org\/{rel}","templated":true}]}}