{"id":5250,"date":"2022-04-08T00:32:00","date_gmt":"2022-04-08T04:32:00","guid":{"rendered":"https:\/\/www.semanariolocal.cl\/?p=5250"},"modified":"2022-04-08T00:32:01","modified_gmt":"2022-04-08T04:32:01","slug":"gobierno-anuncia-nueva-seremi-de-deportes-en-la-region-de-los-lagos","status":"publish","type":"post","link":"https:\/\/www.semanariolocal.cl\/?p=5250","title":{"rendered":"Gobierno anuncia nueva Seremi de Deportes en la regi\u00f3n de Los Lagos"},"content":{"rendered":"\n<p>La Delegada Moreira expres\u00f3 que \u201cdebemos generar las condiciones materiales para que todas las personas disfruten del deporte, las pr\u00e1cticas corporales y la recreaci\u00f3n como parte de su vida cotidiana. Desde el Gobierno trabajaremos por promover una cultura del movimiento que integre todas las etapas del desarrollo y que enfrente decididamente las injusticias econ\u00f3micas y de g\u00e9nero en el acceso a estas pr\u00e1cticas\u201d.<\/p>\n\n\n\n<p>El gobierno concret\u00f3 este jueves el nombramiento de la nueva Secretaria Regional Ministerial en la cartera de Deportes en la regi\u00f3n de Los Lagos.<\/p>\n\n\n\n<p>Se trata de Carolina Urrutia Soto, osornina, t\u00e9cnica en Educaci\u00f3n Parvularia y educadora diferencial, especialista en trastornos del aprendizaje. Entre sus antecedentes deportivos destacan haber sido seleccionada del equipo de f\u00fatbol femenino de la Universidad de Los Lagos y de las selecciones de Osorno, Puyehue y R\u00edo Bueno. Adem\u00e1s se desenvolvi\u00f3 como profesora entre 2011 y 2014, de la Escuela de F\u00fatbol Femenino de la Universidad de Los Lagos.<\/p>\n\n\n\n<p>La nueva Seremi fue futbolista profesional en Deportes Puerto Montt, club con el que logr\u00f3 el ascenso a primera divisi\u00f3n el a\u00f1o 2019. El a\u00f1o pasado la nueva autoridad fue nominada a la selecci\u00f3n chilena de F\u00fatbol 7 para jugar en el mundial realizado en Brasil.<\/p>\n\n\n\n<p>Al asumir este nuevo desaf\u00edo, agradeci\u00f3 al \u201cPresidente Boric y a la ministra que me est\u00e1n dando esta oportunidad, es un punto de mi vida en donde quiero aportar a mi pa\u00eds y creo que el deporte es el lugar id\u00f3neo, quiero entregar todo lo posible para que salga bien as\u00ed que soy material dispuesto para mi regi\u00f3n. Quiero poner \u00e9nfasis en todos esos deportes que por un lado no son tan tradicionales y tambi\u00e9n de aquellos que lo necesitan que han estado siempre luchando para que sean&nbsp; visibilizados\u201d.<\/p>\n\n\n\n<p>Explic\u00f3 que \u201che jugado toda mi vida f\u00fatbol, he estado ligada tanto como deportista y como gestora deportiva, adem\u00e1s he estado en programas de radio y televisi\u00f3n que visibilizaban a los distintos deportes femeninos.&nbsp; Tenemos que ver el deporte en su globalidad donde hay muchos deportes que no son muy masivos y que no tienen mucho apoyo y creo que ah\u00ed est\u00e1 la base para avanzar\u201d.<\/p>\n\n\n\n<p>Al dar la bienvenida a la nueva seremi, la Delegada Moreira expres\u00f3 que \u201cle deseo la mejor de las suertes a Carolina en una cartera tan importante para la regi\u00f3n y el pa\u00eds como es el deporte.&nbsp;Debemos generar las condiciones materiales para que todas las personas disfruten del deporte, las pr\u00e1cticas corporales y la recreaci\u00f3n como parte de su vida cotidiana. Desde el Gobierno trabajaremos por promover una cultura del movimiento que integre todas las etapas del desarrollo y que enfrente decididamente las injusticias econ\u00f3micas y de g\u00e9nero en el acceso a estas pr\u00e1cticas\u201d.<\/p>\n","protected":false},"excerpt":{"rendered":"<p>La Delegada Moreira expres\u00f3 que \u201cdebemos generar las condiciones materiales para que todas las personas disfruten del deporte, las pr\u00e1cticas corporales y la recreaci\u00f3n como parte de su vida cotidiana. Desde el Gobierno trabajaremos por promover una cultura del movimiento que integre todas las etapas del desarrollo y que enfrente decididamente las injusticias econ\u00f3micas y&#8230;<a class=\"btnReadMore\" href=\"https:\/\/www.semanariolocal.cl\/?p=5250\"> Leer M\u00e1s<\/a><\/p>\n","protected":false},"author":1,"featured_media":5251,"comment_status":"closed","ping_status":"closed","sticky":false,"template":"","format":"standard","meta":{"footnotes":""},"categories":[3],"tags":[],"class_list":["post-5250","post","type-post","status-publish","format-standard","has-post-thumbnail","hentry","category-al-dia"],"_links":{"self":[{"href":"https:\/\/www.semanariolocal.cl\/index.php?rest_route=\/wp\/v2\/posts\/5250","targetHints":{"allow":["GET"]}}],"collection":[{"href":"https:\/\/www.semanariolocal.cl\/index.php?rest_route=\/wp\/v2\/posts"}],"about":[{"href":"https:\/\/www.semanariolocal.cl\/index.php?rest_route=\/wp\/v2\/types\/post"}],"author":[{"embeddable":true,"href":"https:\/\/www.semanariolocal.cl\/index.php?rest_route=\/wp\/v2\/users\/1"}],"replies":[{"embeddable":true,"href":"https:\/\/www.semanariolocal.cl\/index.php?rest_route=%2Fwp%2Fv2%2Fcomments&post=5250"}],"version-history":[{"count":1,"href":"https:\/\/www.semanariolocal.cl\/index.php?rest_route=\/wp\/v2\/posts\/5250\/revisions"}],"predecessor-version":[{"id":5252,"href":"https:\/\/www.semanariolocal.cl\/index.php?rest_route=\/wp\/v2\/posts\/5250\/revisions\/5252"}],"wp:featuredmedia":[{"embeddable":true,"href":"https:\/\/www.semanariolocal.cl\/index.php?rest_route=\/wp\/v2\/media\/5251"}],"wp:attachment":[{"href":"https:\/\/www.semanariolocal.cl\/index.php?rest_route=%2Fwp%2Fv2%2Fmedia&parent=5250"}],"wp:term":[{"taxonomy":"category","embeddable":true,"href":"https:\/\/www.semanariolocal.cl\/index.php?rest_route=%2Fwp%2Fv2%2Fcategories&post=5250"},{"taxonomy":"post_tag","embeddable":true,"href":"https:\/\/www.semanariolocal.cl\/index.php?rest_route=%2Fwp%2Fv2%2Ftags&post=5250"}],"curies":[{"name":"wp","href":"https:\/\/api.w.org\/{rel}","templated":true}]}}