{"id":521,"date":"2021-06-24T23:04:34","date_gmt":"2021-06-25T03:04:34","guid":{"rendered":"https:\/\/www.semanariolocal.cl\/?p=521"},"modified":"2021-06-24T23:04:34","modified_gmt":"2021-06-25T03:04:34","slug":"un-nuevo-comienzo-un-gran-wetxipantu","status":"publish","type":"post","link":"https:\/\/www.semanariolocal.cl\/?p=521","title":{"rendered":"Un nuevo comienzo. Un gran Wetxipant\u00fc"},"content":{"rendered":"\n<p style=\"font-size:17px\">Para quienes esperan que la noche termine y comience un nuevo d\u00eda siempre hay buenas noticias.<\/p>\n\n\n\n<p style=\"font-size:17px\">Este nuevo a\u00f1o que comienza junto al solsticio de invierno, sin duda marca un nuevo y gran comienzo para todos los hombres y mujeres. No solo para quienes conmemoran uno de los hitos m\u00e1s importantes de la cosmovisi\u00f3n mapuche-huilliche sino que para todos quienes de una u otra forma hemos vivido la larga noche que ha significado para todos la pandemia provocada por el COVID-19.<\/p>\n\n\n\n<p style=\"font-size:17px\">En mi calidad de Director Regional he recibido muy de cerca el pesar de las m\u00fcchulla Williche que se han visto imposibilitadas para desplazarse libremente hasta los enclaves urbanos para gestionar diversos y necesarios aspectos del quehacer diario. O para vender el producto de sus trabajos. Frente a tal inconveniente y preocupante angustia incluso un abrazo de solidaridad tubo en su peor momento un car\u00e1cter prohibitivo. La noche ha sido m\u00e1s obscura que otras noches. Sin embargo, se acerca el d\u00eda. Con el avance de los procesos de vacunaci\u00f3n y mientras el sol prepara su despliegue por el territorio, comenzar\u00e1 a germinar la esperanza de un tiempo mejor, renovado sobre la Mapu augurando para todos nosotros un nuevo comienzo y un gran Wetxipant\u00fc. Mi m\u00e1s cordial saludo a todas las m\u00fcchulla Williche de la Regi\u00f3n de Los Lagos, que con el coraz\u00f3n dispuesto comienzan un nuevo ciclo al lado de la tierra y de la mano con el sol.<\/p>\n","protected":false},"excerpt":{"rendered":"<p>Para quienes esperan que la noche termine y comience un nuevo d\u00eda siempre hay buenas noticias. Este nuevo a\u00f1o que comienza junto al solsticio de invierno, sin duda marca un nuevo y gran comienzo para todos los hombres y mujeres. No solo para quienes conmemoran uno de los hitos m\u00e1s importantes de la cosmovisi\u00f3n mapuche-huilliche&#8230;<a class=\"btnReadMore\" href=\"https:\/\/www.semanariolocal.cl\/?p=521\"> Leer M\u00e1s<\/a><\/p>\n","protected":false},"author":1,"featured_media":522,"comment_status":"closed","ping_status":"closed","sticky":false,"template":"","format":"standard","meta":{"footnotes":""},"categories":[7],"tags":[],"class_list":["post-521","post","type-post","status-publish","format-standard","has-post-thumbnail","hentry","category-opinion"],"_links":{"self":[{"href":"https:\/\/www.semanariolocal.cl\/index.php?rest_route=\/wp\/v2\/posts\/521","targetHints":{"allow":["GET"]}}],"collection":[{"href":"https:\/\/www.semanariolocal.cl\/index.php?rest_route=\/wp\/v2\/posts"}],"about":[{"href":"https:\/\/www.semanariolocal.cl\/index.php?rest_route=\/wp\/v2\/types\/post"}],"author":[{"embeddable":true,"href":"https:\/\/www.semanariolocal.cl\/index.php?rest_route=\/wp\/v2\/users\/1"}],"replies":[{"embeddable":true,"href":"https:\/\/www.semanariolocal.cl\/index.php?rest_route=%2Fwp%2Fv2%2Fcomments&post=521"}],"version-history":[{"count":1,"href":"https:\/\/www.semanariolocal.cl\/index.php?rest_route=\/wp\/v2\/posts\/521\/revisions"}],"predecessor-version":[{"id":523,"href":"https:\/\/www.semanariolocal.cl\/index.php?rest_route=\/wp\/v2\/posts\/521\/revisions\/523"}],"wp:featuredmedia":[{"embeddable":true,"href":"https:\/\/www.semanariolocal.cl\/index.php?rest_route=\/wp\/v2\/media\/522"}],"wp:attachment":[{"href":"https:\/\/www.semanariolocal.cl\/index.php?rest_route=%2Fwp%2Fv2%2Fmedia&parent=521"}],"wp:term":[{"taxonomy":"category","embeddable":true,"href":"https:\/\/www.semanariolocal.cl\/index.php?rest_route=%2Fwp%2Fv2%2Fcategories&post=521"},{"taxonomy":"post_tag","embeddable":true,"href":"https:\/\/www.semanariolocal.cl\/index.php?rest_route=%2Fwp%2Fv2%2Ftags&post=521"}],"curies":[{"name":"wp","href":"https:\/\/api.w.org\/{rel}","templated":true}]}}