{"id":5021,"date":"2022-03-25T10:23:00","date_gmt":"2022-03-25T13:23:00","guid":{"rendered":"https:\/\/www.semanariolocal.cl\/?p=5021"},"modified":"2022-03-29T10:28:58","modified_gmt":"2022-03-29T13:28:58","slug":"el-deficit-atencional-en-adultos-una-problematica-invisible","status":"publish","type":"post","link":"https:\/\/www.semanariolocal.cl\/?p=5021","title":{"rendered":"El d\u00e9ficit atencional en adultos: una problem\u00e1tica invisible"},"content":{"rendered":"\n<p>Dos amigos conversan y uno le dice al otro: \u201cNo puedo dormir por mi d\u00e9ficit de atenci\u00f3n\u201d, \u201cPues entonces cuenta ovejas hombre\u201d, \u201cUna oveja, dos ovejas, pato, cabra, en la granja de Pepito, EEEE Macarena\u2026\u201d<\/p>\n\n\n\n<p>Hoy en d\u00eda, se ha vuelto muy habitual \u2013y com\u00fan\u2013 el hecho de preocuparse de los <strong>\u201cTrastornos de Aprendizaje\u201d<\/strong> y del <strong>\u201cD\u00e9ficit Atencional\u201d<\/strong> en los ni\u00f1os. Este \u00faltimo, hace referencia a un trastorno de car\u00e1cter cr\u00f3nico que se caracteriza por: la dificultad para concentrarse y prestar atenci\u00f3n, la presencia de impulsividad e hiperactividad en los menores, pudiendo causar baja autoestima, diversos problemas en las relaciones interpersonales y dificultades en la escuela.<\/p>\n\n\n\n<p>Sin embargo, tal como lo destaca la psic\u00f3loga Mar\u00eda Antonia Raies, una especialista en D\u00e9ficit Atencional, <strong>\u201cno se ha prestado suficiente atenci\u00f3n al hecho de que estos ni\u00f1os van creciendo y que muchas de las dificultades y problemas que tuvieron en la infancia, contin\u00faan present\u00e1ndose, luego que estos ni\u00f1os se han convertido en adultos\u201d<\/strong>.<\/p>\n\n\n\n<p>Si bien, es efectivo que la hiperactividad asociada al S\u00edndrome por D\u00e9ficit Atencional \u2013generalmente\u2013 desaparece con la llegada de la adolescencia, los s\u00edntomas de inquietud, distractibilidad, dificultad para finalizar las tareas, algunos d\u00e9ficits inespec\u00edficos y la impulsividad se mantienen a\u00fan presentes en la vida adulta.<\/p>\n\n\n\n<p>Por complejo y dif\u00edcil que resulte comp<a><\/a>render esta situaci\u00f3n, los efectos relacionados con los trastornos de aprendizaje y del d\u00e9ficit atencional irradian y trascienden m\u00e1s all\u00e1 de la inmediatez infantil. Aquellos problemas concretos y espec\u00edficos que tuvieron las personas afectadas por estos trastornos cuando ni\u00f1os, relacionados con la lectura, la escritura y la capacidad para ordenar y organizar sus ideas, est\u00e1n directa y altamente correlacionados con el fracaso escolar, el analfabetismo funcional y, en cierta medida, con problemas de rebeld\u00eda, deserci\u00f3n escolar y delincuencia juvenil.<\/p>\n\n\n\n<p>Se ha establecido, asimismo, que el abuso infantil podr\u00eda estar correlacionado con la vulnerabilidad emocional que se observa en los ni\u00f1os que presentan este s\u00edndrome, condici\u00f3n que los hace ser m\u00e1s susceptibles de buscar aprobaci\u00f3n y afecto en sujetos de su entorno cercano, aunque ello se produzca a costa de da\u00f1os a su propia persona.<\/p>\n\n\n\n<p>En los j\u00f3venes, en tanto, esta condici\u00f3n se correlaciona con el consumo de drogas y alcohol, ya que el consumo de&nbsp; estas sustancias tiende a disminuir el nivel de ansiedad que acompa\u00f1a al trastorno. Asimismo, estos j\u00f3venes presentan serias dificultades para permanecer en una carrera de estudios superiores y de perseverar hasta terminarla.<\/p>\n\n\n\n<p>A su vez, en los adultos esta condici\u00f3n puede estar vinculada a la p\u00e9rdida constante de su fuente laboral, como consecuencia de: (a) los <strong>\u201carranques impulsivos\u201d <\/strong>que puede presentar el individuo, o bien, a ra\u00edz (b) del <strong>\u201ctemperamento explosivo\u201d<\/strong> que muestran, (c) los \u201c<strong>desacuerdos que tienen con sus jefaturas\u201d<\/strong>, o bien, por (d) la <strong>\u201cincapacidad de completar las tareas\u201d<\/strong> que se les han encomendado. Sucede entonces, que el pobre desempe\u00f1o laboral de estas personas, es atribuido a una falta de inter\u00e9s por parte del sujeto afectado, o bien, por su actitud negativa.<\/p>\n\n\n\n<p>Por otro lado, la variedad de trastornos asociados al s\u00edndrome por d\u00e9ficit atencional podr\u00edan estar jugando un importante \u2013aunque poco conocido\u2013 rol en el maltrato a la mujer y en la violencia intrafamiliar.<\/p>\n\n\n\n<p>\u00bfC\u00f3mo se explicar\u00eda esta situaci\u00f3n? Pues bien, la impulsividad, la ansiedad, la baja tolerancia a la frustraci\u00f3n, la elevada sensibilidad frente a la cr\u00edtica externa y una cierta dificultad para expresarse verbalmente cuando el sujeto est\u00e1 invadido por emociones negativas como la rabia, la ira, la frustraci\u00f3n, etc., &nbsp;pueden conducir a un adulto a actuar con agresividad y violencia.<\/p>\n\n\n\n<p>Por su parte, la persona adulta \u2013generalmente un hombre\u2013 experimenta la sensaci\u00f3n cr\u00f3nica de caos y desorganizaci\u00f3n interna, condici\u00f3n que le hace muy dif\u00edcil establecer un orden y prioridades en algunas \u00e1reas de su vida. Con demasiada frecuencia, las parejas y esposas de estos varones interpretan s\u00edntomas tales como: largos silencios, distracciones, desorden, inquietud, irritabilidad y mal genio como <strong>\u201csignos de hostilidad, insensibilidad e indiferencia masculina\u201d<\/strong>.<\/p>\n\n\n\n<p>Ahora bien, el hecho de conocer y saber que estas dificultades y d\u00e9ficits <strong>\u201cson consecuencia de factores neurobiol\u00f3gicos sobre los cuales la persona no tiene mayor control\u201d<\/strong>, puede ser de gran ayuda en un mejoramiento de las relaciones interpersonales, por cuanto, la pareja de estas personas podr\u00eda adoptar una actitud m\u00e1s comprensiva, paciente y menos dura en relaci\u00f3n con los d\u00e9ficits y conductas que presenta el sujeto.<\/p>\n\n\n\n<p>Para aquella mujer que quiere preservar su matrimonio \u2013o su relaci\u00f3n de pareja\u2013 puede ser muy \u00fatil preguntarle a la persona afectada por estos s\u00edntomas, si present\u00f3 estas mismas dificultades durante la ni\u00f1ez. Este conocimiento, permite comprender de mejor forma la problem\u00e1tica que vive el individuo que se tiene al lado.<\/p>\n\n\n\n<p>Tambi\u00e9n es importante saber, si estas dificultades y d\u00e9ficits podr\u00edan estar afectando otras esferas de la vida del sujeto \u2013como la laboral, por ejemplo\u2013, adem\u00e1s de su relaci\u00f3n de pareja.<\/p>\n\n\n\n<p>Estas preguntas \u2013y la informaci\u00f3n resultante\u2013 pueden colaborar en el proceso de conocer y comprender de mejor forma al otro, entregando una mayor profundidad a la relaci\u00f3n de pareja, con un solo gran objetivo: evitar caer en un c\u00edrculo vicioso de car\u00e1cter negativo y destructivo dif\u00edcil de romper.<\/p>\n\n\n\n<p>Dr. Franco Lotito C.&nbsp; \u2013 <a href=\"http:\/\/www.aurigaservicios.cl\">www.aurigaservicios.cl<\/a><\/p>\n\n\n\n<p>Acad\u00e9mico, escritor e investigador (PUC-UACh)<\/p>\n","protected":false},"excerpt":{"rendered":"<p>Dos amigos conversan y uno le dice al otro: \u201cNo puedo dormir por mi d\u00e9ficit de atenci\u00f3n\u201d, \u201cPues entonces cuenta ovejas hombre\u201d, \u201cUna oveja, dos ovejas, pato, cabra, en la granja de Pepito, EEEE Macarena\u2026\u201d Hoy en d\u00eda, se ha vuelto muy habitual \u2013y com\u00fan\u2013 el hecho de preocuparse de los \u201cTrastornos de Aprendizaje\u201d y&#8230;<a class=\"btnReadMore\" href=\"https:\/\/www.semanariolocal.cl\/?p=5021\"> Leer M\u00e1s<\/a><\/p>\n","protected":false},"author":1,"featured_media":5022,"comment_status":"closed","ping_status":"closed","sticky":false,"template":"","format":"standard","meta":{"footnotes":""},"categories":[3,7],"tags":[],"class_list":["post-5021","post","type-post","status-publish","format-standard","has-post-thumbnail","hentry","category-al-dia","category-opinion"],"_links":{"self":[{"href":"https:\/\/www.semanariolocal.cl\/index.php?rest_route=\/wp\/v2\/posts\/5021","targetHints":{"allow":["GET"]}}],"collection":[{"href":"https:\/\/www.semanariolocal.cl\/index.php?rest_route=\/wp\/v2\/posts"}],"about":[{"href":"https:\/\/www.semanariolocal.cl\/index.php?rest_route=\/wp\/v2\/types\/post"}],"author":[{"embeddable":true,"href":"https:\/\/www.semanariolocal.cl\/index.php?rest_route=\/wp\/v2\/users\/1"}],"replies":[{"embeddable":true,"href":"https:\/\/www.semanariolocal.cl\/index.php?rest_route=%2Fwp%2Fv2%2Fcomments&post=5021"}],"version-history":[{"count":1,"href":"https:\/\/www.semanariolocal.cl\/index.php?rest_route=\/wp\/v2\/posts\/5021\/revisions"}],"predecessor-version":[{"id":5023,"href":"https:\/\/www.semanariolocal.cl\/index.php?rest_route=\/wp\/v2\/posts\/5021\/revisions\/5023"}],"wp:featuredmedia":[{"embeddable":true,"href":"https:\/\/www.semanariolocal.cl\/index.php?rest_route=\/wp\/v2\/media\/5022"}],"wp:attachment":[{"href":"https:\/\/www.semanariolocal.cl\/index.php?rest_route=%2Fwp%2Fv2%2Fmedia&parent=5021"}],"wp:term":[{"taxonomy":"category","embeddable":true,"href":"https:\/\/www.semanariolocal.cl\/index.php?rest_route=%2Fwp%2Fv2%2Fcategories&post=5021"},{"taxonomy":"post_tag","embeddable":true,"href":"https:\/\/www.semanariolocal.cl\/index.php?rest_route=%2Fwp%2Fv2%2Ftags&post=5021"}],"curies":[{"name":"wp","href":"https:\/\/api.w.org\/{rel}","templated":true}]}}