{"id":4946,"date":"2022-03-24T10:00:00","date_gmt":"2022-03-24T13:00:00","guid":{"rendered":"https:\/\/www.semanariolocal.cl\/?p=4946"},"modified":"2022-03-24T23:44:06","modified_gmt":"2022-03-25T02:44:06","slug":"servicio-de-salud-del-reloncavi-refuerza-deteccion-de-tuberculosis-con-moderno-equipo","status":"publish","type":"post","link":"https:\/\/www.semanariolocal.cl\/?p=4946","title":{"rendered":"Servicio de Salud Del Reloncav\u00ed refuerza detecci\u00f3n de Tuberculosis con moderno equipo"},"content":{"rendered":"\n<p>Seg\u00fan explic\u00f3 Regina Haro, Tecn\u00f3loga M\u00e9dica encargada de Laboratorio del Programa de TB del Servicio de Salud, se podr\u00e1n procesar m\u00e1s de 24 muestras de manera simult\u00e1nea, agilizando los resultados y contribuyendo as\u00ed al diagn\u00f3stico precoz de la enfermedad y pronto tratamiento de todos los pacientes, independiente de su previsi\u00f3n, ya que es un beneficio para toda la poblaci\u00f3n.<\/p>\n\n\n\n<p>La Organizaci\u00f3n Mundial de la Salud estableci\u00f3 como lema \u201cInvirtamos en poner fin a la TB. Salvemos vidas\u00bb, para conmemorar este 24 de marzo el D\u00eda Mundial Contra la Tuberculosis, poniendo \u00e9nfasis en la necesidad urgente de invertir recursos para intensificar la lucha contra la TB. Esto es especialmente cr\u00edtico en el contexto de la pandemia de COVID-19 que ha puesto en riesgo el progreso de la estrategia para poner fin a la enfermedad.<\/p>\n\n\n\n<p>Seg\u00fan explic\u00f3 Francisca Werner, Enfermera encargada del Programa de Tuberculosis del Servicio de Salud Del Reloncav\u00ed, la Tuberculosis \u201ces la principal causa infecciosa de muerte a nivel mundial. En el a\u00f1o 2019, diez millones de personas enfermaron de tuberculosis en el mundo y 1,4 millones de personas fallecieron por esta causa\u201d, de ah\u00ed la importancia de conocer los s\u00edntomas y fortalecer las t\u00e9cnicas de detecci\u00f3n.<\/p>\n\n\n\n<p>En ese sentido, la profesional recalc\u00f3 que \u201cla Tuberculosis es una infecci\u00f3n bacteriana contagiosa que principalmente afecta a los pulmones, pero puede comprometer otros \u00f3rganos\u201d, destacando que los principales s\u00edntomas son tos y expectoraci\u00f3n o desgarro por m\u00e1s de 15 d\u00edas, adem\u00e1s podr\u00eda presentar decaimiento, p\u00e9rdida de apetito, fiebre en las tardes, baja de peso y sudores nocturnos.<\/p>\n\n\n\n<p>Respecto del tratamiento, \u00e9ste consiste en una asociaci\u00f3n de medicamentos antibi\u00f3ticos, indicados por un m\u00e9dico y supervisado por el equipo de salud, para asegurar la toma del medicamento y&nbsp; curar la enfermedad y cortar la cadena de transmisi\u00f3n. \u201cSe debe administrar por un per\u00edodo de 6 meses o m\u00e1s, en algunos casos, para asegurar la eliminaci\u00f3n del bacilos de Koch. Este tratamiento es totalmente gratis. Si no se trata puede producir la muerte\u201d, dijo Francisca Werner.<\/p>\n\n\n\n<p>Finalmente, la Enfermera explic\u00f3 que las personas con mayor riesgo de enfermar son aquellas que viven con un enfermo con tuberculosis pulmonar y que no se encuentre en tratamiento, tambi\u00e9n los adultos mayores y las personas con enfermedades como diabetes, alcoholismo, adicci\u00f3n a drogas, desnutrici\u00f3n o SIDA.<\/p>\n","protected":false},"excerpt":{"rendered":"<p>El Servicio de Salud Del Reloncav\u00ed cuenta con un nuevo y moderno equipo, que funciona desde hoy en el Hospital Puerto Montt, y que permitir\u00e1 mejorar la detecci\u00f3n de la Tuberculosis (TB), a trav\u00e9s de examen PCR en tiempo real.<\/p>\n","protected":false},"author":1,"featured_media":4947,"comment_status":"closed","ping_status":"closed","sticky":false,"template":"","format":"standard","meta":{"footnotes":""},"categories":[3],"tags":[],"class_list":["post-4946","post","type-post","status-publish","format-standard","has-post-thumbnail","hentry","category-al-dia"],"_links":{"self":[{"href":"https:\/\/www.semanariolocal.cl\/index.php?rest_route=\/wp\/v2\/posts\/4946","targetHints":{"allow":["GET"]}}],"collection":[{"href":"https:\/\/www.semanariolocal.cl\/index.php?rest_route=\/wp\/v2\/posts"}],"about":[{"href":"https:\/\/www.semanariolocal.cl\/index.php?rest_route=\/wp\/v2\/types\/post"}],"author":[{"embeddable":true,"href":"https:\/\/www.semanariolocal.cl\/index.php?rest_route=\/wp\/v2\/users\/1"}],"replies":[{"embeddable":true,"href":"https:\/\/www.semanariolocal.cl\/index.php?rest_route=%2Fwp%2Fv2%2Fcomments&post=4946"}],"version-history":[{"count":1,"href":"https:\/\/www.semanariolocal.cl\/index.php?rest_route=\/wp\/v2\/posts\/4946\/revisions"}],"predecessor-version":[{"id":4948,"href":"https:\/\/www.semanariolocal.cl\/index.php?rest_route=\/wp\/v2\/posts\/4946\/revisions\/4948"}],"wp:featuredmedia":[{"embeddable":true,"href":"https:\/\/www.semanariolocal.cl\/index.php?rest_route=\/wp\/v2\/media\/4947"}],"wp:attachment":[{"href":"https:\/\/www.semanariolocal.cl\/index.php?rest_route=%2Fwp%2Fv2%2Fmedia&parent=4946"}],"wp:term":[{"taxonomy":"category","embeddable":true,"href":"https:\/\/www.semanariolocal.cl\/index.php?rest_route=%2Fwp%2Fv2%2Fcategories&post=4946"},{"taxonomy":"post_tag","embeddable":true,"href":"https:\/\/www.semanariolocal.cl\/index.php?rest_route=%2Fwp%2Fv2%2Ftags&post=4946"}],"curies":[{"name":"wp","href":"https:\/\/api.w.org\/{rel}","templated":true}]}}