{"id":4943,"date":"2022-03-24T09:37:00","date_gmt":"2022-03-24T12:37:00","guid":{"rendered":"https:\/\/www.semanariolocal.cl\/?p=4943"},"modified":"2022-03-24T23:41:14","modified_gmt":"2022-03-25T02:41:14","slug":"academico-uach-puerto-montt-lidera-campana-cientifica-en-la-antartica","status":"publish","type":"post","link":"https:\/\/www.semanariolocal.cl\/?p=4943","title":{"rendered":"Acad\u00e9mico UACh Puerto Montt lidera campa\u00f1a cient\u00edfica en la Ant\u00e1rtica"},"content":{"rendered":"\n<p>El investigador y acad\u00e9mico del Instituto de Acuicultura de la Universidad Austral de Chile Sede Puerto Montt, PhD Pedro Mur\u00faa, participa en la Expedici\u00f3n Cient\u00edfica ECA58 en la Isla Rey Jorge, Ant\u00e1rtica, que se organiza anualmente por el Instituto Ant\u00e1rtico Chileno (INACh).<\/p>\n\n\n\n<p>De acuerdo inform\u00f3 el acad\u00e9mico, el proyecto se tItula \u201cTracking key eukaryote pathobiome members in AntaRctic coastal communities, with emphasis on OomYcete parasites (TROY)\u201d y tiene por objetivo caracterizar y aislar pat\u00f3genos de algas e invertebrados ant\u00e1rticos, con \u00e9nfasis en oomicetos, un grupo de seudohongos que pueden infectar una gran variedad de hu\u00e9spedes (incluso otros oomicetos), y que tienen relevancia agron\u00f3mica, acu\u00edcola, forestal y en salud humana.&nbsp;<\/p>\n\n\n\n<p>La caracterizaci\u00f3n se realizar\u00e1 a trav\u00e9s de muestreos intermareales y submareales, con pre-diagnosticos <em>in situ<\/em> y confirmaci\u00f3n en el laboratorio de Macroalgas y Ficopatolog\u00eda de la UACh Puerto Montt, donde adem\u00e1s se aislar\u00e1n y caracterizar\u00e1n desde el punto de vista morfol\u00f3gico, ontog\u00e9nico y gen\u00e9tico.<\/p>\n\n\n\n<p>Este viaje corresponde a la primera de tres expediciones que considera el proyecto, en donde de forma exploratoria se caracterizar\u00e1n las \u00e1reas de estudios, su flora y fauna bent\u00f3nica y se tomar\u00e1n muestras para generar diagn\u00f3sticos.&nbsp;<\/p>\n\n\n\n<p>Del mismo modo, en la expedici\u00f3n se tomar\u00e1n muestras para tratar de aislar y cuantificar posibles agentes pat\u00f3genos en sustratos y columna de agua, los que se utilizar\u00e1n en etapas posteriores del proyecto.<\/p>\n\n\n\n<p>\u201cEn general son pocos los estudios asociados a enfermedades de organismos acu\u00e1ticos, menos a\u00fan en la Ant\u00e1rtica, y la mayor\u00eda est\u00e1 enfocado en organismos hu\u00e9spedes carism\u00e1ticos (ping\u00fcinos, mam\u00edferos marinos o peces). Es por eso que nuestro proyecto busca generar una primera l\u00ednea de base de la biodiversidad de estos pat\u00f3genos, y describir los m\u00e1s importantes en t\u00e9rminos de prevalencia y potencialmente impacto en el ambiente ant\u00e1rtico\u201d, indic\u00f3 el acad\u00e9mico Pedro Mur\u00faa.<\/p>\n\n\n\n<p>\u201cUn proyecto anterior nuestro hab\u00eda realizado el primer atlas de enfermedades de algas en Latinoam\u00e9rica, pero faltaba el continente blanco, donde virtualmente no hay informaci\u00f3n. Esto es particularmente importante en la actualidad, considerando que el cambio clim\u00e1tico estar\u00eda generando cambios importantes en la biodiversidad Ant\u00e1rtica, y con ello alterando la biolog\u00eda y ocurrencia de sus pat\u00f3genos\u201d, concluy\u00f3.<\/p>\n\n\n\n<p>Finalmente, cabe mencionar que en la expedici\u00f3n est\u00e1n participando el Dr. Pedro Mur\u00faa, del IACUI-UACh; la Dra.(c) Liliana Mu\u00f1oz, de la University of Aberdeen; la Dra. Pamela Fern\u00e1ndez y el Sr. Andreas Schmider, del Centro i-mar de la Universidad de Los L<s>l<\/s>agos<s>)<\/s> y el Sr. Basti\u00e1n A\u00f1azco, de la Universidad Austral de Chile UACh.<\/p>\n\n\n\n<p>Pero adem\u00e1s participan en el proyecto el Dr. Claire Gachon, del MNHN de Francia; el Dr. Pieter van West, de la University of Aberdeen; el Dr Nelson Valdivia, de la Universidad Austral de Chile; y el Dr. Charles D Amsler, de la University of Alabama at Birmingham.<\/p>\n","protected":false},"excerpt":{"rendered":"<p>El viaje corresponde a la primera de tres expediciones que considera el proyecto, en donde de forma exploratoria se caracterizar\u00e1n las \u00e1reas de estudios, su flora y fauna bent\u00f3nica y se tomar\u00e1n muestras para generar diagn\u00f3sticos.  <\/p>\n","protected":false},"author":1,"featured_media":4944,"comment_status":"closed","ping_status":"closed","sticky":false,"template":"","format":"standard","meta":{"footnotes":""},"categories":[3,11],"tags":[],"class_list":["post-4943","post","type-post","status-publish","format-standard","has-post-thumbnail","hentry","category-al-dia","category-educacion"],"_links":{"self":[{"href":"https:\/\/www.semanariolocal.cl\/index.php?rest_route=\/wp\/v2\/posts\/4943","targetHints":{"allow":["GET"]}}],"collection":[{"href":"https:\/\/www.semanariolocal.cl\/index.php?rest_route=\/wp\/v2\/posts"}],"about":[{"href":"https:\/\/www.semanariolocal.cl\/index.php?rest_route=\/wp\/v2\/types\/post"}],"author":[{"embeddable":true,"href":"https:\/\/www.semanariolocal.cl\/index.php?rest_route=\/wp\/v2\/users\/1"}],"replies":[{"embeddable":true,"href":"https:\/\/www.semanariolocal.cl\/index.php?rest_route=%2Fwp%2Fv2%2Fcomments&post=4943"}],"version-history":[{"count":1,"href":"https:\/\/www.semanariolocal.cl\/index.php?rest_route=\/wp\/v2\/posts\/4943\/revisions"}],"predecessor-version":[{"id":4945,"href":"https:\/\/www.semanariolocal.cl\/index.php?rest_route=\/wp\/v2\/posts\/4943\/revisions\/4945"}],"wp:featuredmedia":[{"embeddable":true,"href":"https:\/\/www.semanariolocal.cl\/index.php?rest_route=\/wp\/v2\/media\/4944"}],"wp:attachment":[{"href":"https:\/\/www.semanariolocal.cl\/index.php?rest_route=%2Fwp%2Fv2%2Fmedia&parent=4943"}],"wp:term":[{"taxonomy":"category","embeddable":true,"href":"https:\/\/www.semanariolocal.cl\/index.php?rest_route=%2Fwp%2Fv2%2Fcategories&post=4943"},{"taxonomy":"post_tag","embeddable":true,"href":"https:\/\/www.semanariolocal.cl\/index.php?rest_route=%2Fwp%2Fv2%2Ftags&post=4943"}],"curies":[{"name":"wp","href":"https:\/\/api.w.org\/{rel}","templated":true}]}}