{"id":4940,"date":"2022-03-24T08:35:00","date_gmt":"2022-03-24T11:35:00","guid":{"rendered":"https:\/\/www.semanariolocal.cl\/?p=4940"},"modified":"2022-03-24T23:37:25","modified_gmt":"2022-03-25T02:37:25","slug":"ministra-jeannette-jara-convoca-a-lideres-de-la-cpc-a-dialogo-tripartito-por-reforma-de-pensiones","status":"publish","type":"post","link":"https:\/\/www.semanariolocal.cl\/?p=4940","title":{"rendered":"Ministra Jeannette Jara convoca a l\u00edderes de la CPC a di\u00e1logo tripartito por reforma de pensiones"},"content":{"rendered":"\n<p>\u201cHay un \u00e1nimo de di\u00e1logo y de construcci\u00f3n en conjunto, una mirada de pa\u00eds importante, de que hay que hacer cambios con gradualidad en su implementaci\u00f3n\u201d, dijo la ministra del Trabajo y Previsi\u00f3n Social, Jeannette Jara, luego de reunirse esta tarde con el presidente de la Confederaci\u00f3n de la Producci\u00f3n y del Comercio (CPC), Juan Sutil, y con representantes de las seis ramas que integran la multigremial.<\/p>\n\n\n\n<p>La autoridad manifest\u00f3 que la \u201cconvocatoria que le hemos hecho a la CPC se enmarca en los di\u00e1logos tripartitos para la reforma previsional, que son muy importantes, que son ineludibles y que tenemos el deber como sociedad de concretarlos\u201d.<\/p>\n\n\n\n<p>El presidente de la CPC, en tanto, valor\u00f3 la reuni\u00f3n con la secretaria de Estado. \u201cEs importante entender que la construcci\u00f3n de acuerdos y el trabajo prelegislativo es muy importante, porque tambi\u00e9n tenemos un Congreso que tiene que concurrir a aquellos acuerdos. Como la ministra ha mencionado, tiene que ser un trabajo tripartito donde estemos todos presentes\u201d, afirm\u00f3, a\u00f1adiendo que los cambios deben contemplar gradualidad y racionalidad.<\/p>\n\n\n\n<p>\u201cCreemos que estas mesas (de di\u00e1logo social), que permitan construir esa gradualidad, racionalidad y acuerdos, y mir\u00e1ndolo en el pa\u00eds del futuro, en el pa\u00eds del desarrollo, vamos a tener que ir encontrando los caminos\u201d, sostuvo Sutil.<\/p>\n\n\n\n<p>Acompa\u00f1ando a la ministra, en la cita estuvieron presentes los subsecretarios de Previsi\u00f3n Social, Christian Larra\u00edn, y de Trabajo, Giorgio Boccardo. Mientras, junto a Sutil asistieron Fernando Alvear, gerente general de la CPC; Cristi\u00e1n Allendes, presidente de la Sociedad Nacional de Agricultura (SNA); Ricardo Mewes, presidente de la C\u00e1mara Nacional de Comercio (CNC); Francisco Costabal, vicepresidente de la Sociedad Nacional de Miner\u00eda (Sonami); Aurora Olave, secretaria general de la Sociedad de Fomento Fabril (Sofofa); Antonio Err\u00e1zuriz, presidente de la C\u00e1mara Chilena de la Construcci\u00f3n (CChC); y Mat\u00edas Bernier, gerente de estudios de la Asociaci\u00f3n de Bancos (ABIF).<\/p>\n\n\n\n<p>Con todo, respecto a los fondos de pensiones que los afiliados al sistema de pensiones mantienen en sus cuentas individuales, la titular de la cartera de Trabajo reiter\u00f3 que se van a mantener en las AFP. \u201cNosotros no hemos innovado sobre la materia\u201d, dijo. Y agreg\u00f3: \u201cRespecto de las nuevas cotizaciones, debemos construir un nuevo sistema de seguridad social\u201d.<\/p>\n\n\n\n<p><strong>Salario m\u00ednimo y 40 horas<\/strong><\/p>\n\n\n\n<p>El Programa de Gobierno del Presidente Gabriel Boric contempla una agenda de importantes cambios previsionales, como una reforma al sistema de pensiones con un modelo p\u00fablico y solidario, y laborales, como el aumento gradual del salario m\u00ednimo para llevarlo a $500 mil hacia el final de la administraci\u00f3n del Presidente Boric.<\/p>\n\n\n\n<p>Sobre el proyecto de reducci\u00f3n de la jornada laboral de 45 a 40 horas semanales, Jara sostuvo que se est\u00e1 estudiando la moci\u00f3n presentada por las diputadas Karol Cariola y Camila Vallejo (actualmente, ministra Vocera de Palacio). \u201cEstamos comprometidos en avanzar en la reducci\u00f3n de la jornada laboral a 40 horas\u201d, enfatiz\u00f3.<\/p>\n\n\n\n<p>Al respecto, el presidente de la CPC dijo que \u201ccreo que es una aspiraci\u00f3n de la sociedad en su conjunto, m\u00e1s que de un sector u otro. As\u00ed que iremos trabajar en ello y esperamos contribuir en esos acuerdos, en esa gradualidad, en esa forma de hacer bien las cosas\u201d.<\/p>\n\n\n\n<p>En cuanto al aumento del salario m\u00ednimo, Jara inform\u00f3 que se est\u00e1 trabajando en la elaboraci\u00f3n del proyecto de ley y que se est\u00e1n estudiando los apoyos que se les brindar\u00e1n las pymes. \u201cCreemos que para eso todas y todos estamos llamados a hacer los esfuerzos indispensables para que los cambios se produzcan. Eso nos har\u00e1 bien como pa\u00eds. No hay que temerles a los cambios. S\u00ed tenemos que implementarlos con responsabilidad, gradualidad y mucho di\u00e1logo. Seguro que desde ah\u00ed vamos a tener una inversi\u00f3n para el futuro\u201d, se\u00f1al\u00f3.<\/p>\n\n\n\n<p>En el mismo tema, el presidente de la multigremial indic\u00f3 que \u201cel pa\u00eds est\u00e1 en condiciones de avanzar\u201d, precisando que se deben evaluar apoyos para las peque\u00f1as y medianas empresas.<\/p>\n\n\n\n<p>Durante las \u00faltimas jornadas, la ministra Jara ya hab\u00eda sostenido reuniones con la Asociaci\u00f3n Gremial Nacional de Pensionados del Sistema Privado de Chile (Anacpen), la Central Unitaria de Trabajadores (CUT) y la Coordinadora NO+AFP.<\/p>\n","protected":false},"excerpt":{"rendered":"<p>\u2022\tLa titular de Trabajo y Previsi\u00f3n Social se reuni\u00f3 con el presidente de la multigremial y representantes de las seis ramas de actividad econ\u00f3mica que la componen.<\/p>\n","protected":false},"author":1,"featured_media":4941,"comment_status":"closed","ping_status":"closed","sticky":false,"template":"","format":"standard","meta":{"footnotes":""},"categories":[3,9],"tags":[],"class_list":["post-4940","post","type-post","status-publish","format-standard","has-post-thumbnail","hentry","category-al-dia","category-gobierno"],"_links":{"self":[{"href":"https:\/\/www.semanariolocal.cl\/index.php?rest_route=\/wp\/v2\/posts\/4940","targetHints":{"allow":["GET"]}}],"collection":[{"href":"https:\/\/www.semanariolocal.cl\/index.php?rest_route=\/wp\/v2\/posts"}],"about":[{"href":"https:\/\/www.semanariolocal.cl\/index.php?rest_route=\/wp\/v2\/types\/post"}],"author":[{"embeddable":true,"href":"https:\/\/www.semanariolocal.cl\/index.php?rest_route=\/wp\/v2\/users\/1"}],"replies":[{"embeddable":true,"href":"https:\/\/www.semanariolocal.cl\/index.php?rest_route=%2Fwp%2Fv2%2Fcomments&post=4940"}],"version-history":[{"count":1,"href":"https:\/\/www.semanariolocal.cl\/index.php?rest_route=\/wp\/v2\/posts\/4940\/revisions"}],"predecessor-version":[{"id":4942,"href":"https:\/\/www.semanariolocal.cl\/index.php?rest_route=\/wp\/v2\/posts\/4940\/revisions\/4942"}],"wp:featuredmedia":[{"embeddable":true,"href":"https:\/\/www.semanariolocal.cl\/index.php?rest_route=\/wp\/v2\/media\/4941"}],"wp:attachment":[{"href":"https:\/\/www.semanariolocal.cl\/index.php?rest_route=%2Fwp%2Fv2%2Fmedia&parent=4940"}],"wp:term":[{"taxonomy":"category","embeddable":true,"href":"https:\/\/www.semanariolocal.cl\/index.php?rest_route=%2Fwp%2Fv2%2Fcategories&post=4940"},{"taxonomy":"post_tag","embeddable":true,"href":"https:\/\/www.semanariolocal.cl\/index.php?rest_route=%2Fwp%2Fv2%2Ftags&post=4940"}],"curies":[{"name":"wp","href":"https:\/\/api.w.org\/{rel}","templated":true}]}}