{"id":4937,"date":"2022-03-24T08:31:00","date_gmt":"2022-03-24T11:31:00","guid":{"rendered":"https:\/\/www.semanariolocal.cl\/?p=4937"},"modified":"2022-03-24T23:34:22","modified_gmt":"2022-03-25T02:34:22","slug":"inaugurado-centro-diurno-adulto-mayor-y-centro-de-cultura-en-puerto-octay","status":"publish","type":"post","link":"https:\/\/www.semanariolocal.cl\/?p=4937","title":{"rendered":"Inaugurado\u00a0 Centro Diurno Adulto Mayor y\u00a0 Centro\u00a0 de Cultura en Puerto Octay"},"content":{"rendered":"\n<p>En una emotiva ceremonia se realiz\u00f3 el corte de cinta e&nbsp; inauguraci\u00f3n de las dependencias Centro Diurno Adulto Mayor y el Centro Cultural Comunitaria, encabezando la habilitaci\u00f3n de dichos espacios el Gobernador de Los Lagos, Patricio Vallesp\u00edn, la Delegada Presidencial de Osorno. Claudia Pailalef y el alcalde de Puerto Octay, Gerardo Gunckel, quienes ante la presencia del&nbsp; Consejero Provincial, Jos\u00e9 Luis Mu\u00f1oz,&nbsp; concejales de la comuna, vecinos, dirigentes e integrantes del Club Adulto Mayor realizaron corte de cinta y dieron el vamos a las nuevas dependencias.<\/p>\n\n\n\n<p>Las autoridades se mostraron satisfechas de poder acceder a recursos del Gobierno que como &nbsp;los Fondos Regionales de Inversi\u00f3n Local (FRIL) hacen posible acelerar la ejecuci\u00f3n de proyectos que realmente cubren las necesidades m\u00e1s urgentes de cada territorio y comuna.<\/p>\n\n\n\n<p>Al respecto, la Delegada Presidencial, Claudia Pailalef, sostuvo que \u201ccomo Gobierno, liderado por el presidente Gabriel Boric, poder compartir estos espacios nos alegra enormemente y poder ver acciones concretas al servicio de la comunidad liderada por la gesti\u00f3n del alcalde de la comuna de Puerto Octay y los concejales que en este caso lograron apalancar recursos sobre los 100 millones de pesos\u201d.<\/p>\n\n\n\n<p>Asimismo, agreg\u00f3 que concuerda con las palabras del Gobernador Regional que asever\u00f3 que la idea es ir descentralizando no solamente las partidas presupuestarias, sino que tambi\u00e9n la capacidad de los territorios de tomar sus propias decisiones en conjunto con la comunidad y con las autoridades locales.<\/p>\n","protected":false},"excerpt":{"rendered":"<p>\u2022\tAutoridades agradecieron trabajo conjunto y avances gracias fondos FRIL<\/p>\n","protected":false},"author":1,"featured_media":4938,"comment_status":"closed","ping_status":"closed","sticky":false,"template":"","format":"standard","meta":{"footnotes":""},"categories":[3],"tags":[],"class_list":["post-4937","post","type-post","status-publish","format-standard","has-post-thumbnail","hentry","category-al-dia"],"_links":{"self":[{"href":"https:\/\/www.semanariolocal.cl\/index.php?rest_route=\/wp\/v2\/posts\/4937","targetHints":{"allow":["GET"]}}],"collection":[{"href":"https:\/\/www.semanariolocal.cl\/index.php?rest_route=\/wp\/v2\/posts"}],"about":[{"href":"https:\/\/www.semanariolocal.cl\/index.php?rest_route=\/wp\/v2\/types\/post"}],"author":[{"embeddable":true,"href":"https:\/\/www.semanariolocal.cl\/index.php?rest_route=\/wp\/v2\/users\/1"}],"replies":[{"embeddable":true,"href":"https:\/\/www.semanariolocal.cl\/index.php?rest_route=%2Fwp%2Fv2%2Fcomments&post=4937"}],"version-history":[{"count":1,"href":"https:\/\/www.semanariolocal.cl\/index.php?rest_route=\/wp\/v2\/posts\/4937\/revisions"}],"predecessor-version":[{"id":4939,"href":"https:\/\/www.semanariolocal.cl\/index.php?rest_route=\/wp\/v2\/posts\/4937\/revisions\/4939"}],"wp:featuredmedia":[{"embeddable":true,"href":"https:\/\/www.semanariolocal.cl\/index.php?rest_route=\/wp\/v2\/media\/4938"}],"wp:attachment":[{"href":"https:\/\/www.semanariolocal.cl\/index.php?rest_route=%2Fwp%2Fv2%2Fmedia&parent=4937"}],"wp:term":[{"taxonomy":"category","embeddable":true,"href":"https:\/\/www.semanariolocal.cl\/index.php?rest_route=%2Fwp%2Fv2%2Fcategories&post=4937"},{"taxonomy":"post_tag","embeddable":true,"href":"https:\/\/www.semanariolocal.cl\/index.php?rest_route=%2Fwp%2Fv2%2Ftags&post=4937"}],"curies":[{"name":"wp","href":"https:\/\/api.w.org\/{rel}","templated":true}]}}