{"id":4934,"date":"2022-03-24T06:27:00","date_gmt":"2022-03-24T09:27:00","guid":{"rendered":"https:\/\/www.semanariolocal.cl\/?p=4934"},"modified":"2022-03-24T23:45:58","modified_gmt":"2022-03-25T02:45:58","slug":"con-exito-comenzo-a-dictarse-licenciatura-en-trabajo-social-en-la-ust-osorno%ef%bf%bc","status":"publish","type":"post","link":"https:\/\/www.semanariolocal.cl\/?p=4934","title":{"rendered":"Con \u00e9xito comenz\u00f3 a dictarse Licenciatura en Trabajo Social en la UST Osorno"},"content":{"rendered":"\n<p>Todo un \u00e9xito result\u00f3 el inicio a clases de las y los alumnos de Licenciatura en Trabajo Social, el nuevo Plan de Continuidad de Estudios de la Universidad Santo Tom\u00e1s en Osorno y que se dicta este a\u00f1o por primera vez.<\/p>\n\n\n\n<p>En s\u00f3lo dos semestres, quienes tienen estudios t\u00e9cnicos profesionales de Trabajo Social o Servicio Social con un m\u00ednimo 4 a\u00f1os de estudios, podr\u00e1n sacar la anhelada licenciatura.<\/p>\n\n\n\n<p>La apuesta de la UST Osorno para este a\u00f1o logr\u00f3 una importante matr\u00edcula de estudiantes que viajan cada s\u00e1bado desde distintas ciudades, tales como La Uni\u00f3n, Puerto Montt, Purranque y San Juan de la Costa.<\/p>\n\n\n\n<p>Al respecto la coordinadora del Programa de Continuidad de Estudios, Galicia Stuardo Ru\u00edz, manifest\u00f3 que \u201clogramos abrir esta licenciatura luego de varios a\u00f1os y estamos muy contentos porque entregamos a los alumnos calidad y experiencia. Todos nuestros docentes son Mag\u00edster y nuestros estudiantes son m\u00e1s bien diversos, algunos tienen m\u00e1s de 8 a\u00f1os de experiencia laboral, otros est\u00e1n reci\u00e9n egresados, y otros trabajan en \u00e1mbitos diferentes del servicio social (\u2026) La primera clase fue un \u00e9xito, las y los estudiantes se mostraron muy receptivos, contentos, ansiosos de aprender y actualizar sus conocimientos\u201d.<\/p>\n\n\n\n<p>Cabe mencionar que el Licenciado en Trabajo Social est\u00e1 preparado para el dise\u00f1o e implementaci\u00f3n de procesos de investigaci\u00f3n social en el \u00e1mbito del Trabajo Social, derivados del an\u00e1lisis cr\u00edtico de realidades e intervenciones sociales a la luz de enfoques te\u00f3ricos contempor\u00e1neos de las ciencias sociales y humanidades.<\/p>\n\n\n\n<p>Es un profesional que act\u00faa con responsabilidad y \u00e9tica, cumpliendo los protocolos y normas que gu\u00edan el desempe\u00f1o investigativo, guiado por los valores profesionales de la diversidad y la dignidad humana y comprometido con el respeto y promoci\u00f3n de los derechos humanos.<\/p>\n\n\n\n<p>La Licenciatura es un programa ofrecido por Universidad Santo Tom\u00e1s, la primera Escuela de Trabajo Social en una universidad privada que, con 29 a\u00f1os de trayectoria, ofrece una s\u00f3lida propuesta de formaci\u00f3n acad\u00e9mica a trav\u00e9s de un plan de estudios actualizado a los requerimientos de la disciplina y del mundo laboral.<\/p>\n\n\n\n<p>\u201cDestacan en esta labor, un fuerte compromiso del cuerpo acad\u00e9mico y administrativo que acompa\u00f1an el proceso de formaci\u00f3n, proponiendo una visi\u00f3n actual del Trabajo Social con foco en las competencias de investigaci\u00f3n. Fomenta el inter\u00e9s de los estudiantes por el \u00e1rea acad\u00e9mica y reconoce la formaci\u00f3n y trayectorias laborales previas como base fundamental para avanzar en procesos de an\u00e1lisis cr\u00edtico del mundo social\u201d, concluy\u00f3 Stuardo.<\/p>\n","protected":false},"excerpt":{"rendered":"<p>Todo un \u00e9xito result\u00f3 el inicio a clases de las y los alumnos de Licenciatura en Trabajo Social, el nuevo Plan de Continuidad de Estudios de la Universidad Santo Tom\u00e1s en Osorno y que se dicta este a\u00f1o por primera vez. En s\u00f3lo dos semestres, quienes tienen estudios t\u00e9cnicos profesionales de Trabajo Social o Servicio&#8230;<a class=\"btnReadMore\" href=\"https:\/\/www.semanariolocal.cl\/?p=4934\"> Leer M\u00e1s<\/a><\/p>\n","protected":false},"author":1,"featured_media":4935,"comment_status":"closed","ping_status":"closed","sticky":false,"template":"","format":"standard","meta":{"footnotes":""},"categories":[11],"tags":[],"class_list":["post-4934","post","type-post","status-publish","format-standard","has-post-thumbnail","hentry","category-educacion"],"_links":{"self":[{"href":"https:\/\/www.semanariolocal.cl\/index.php?rest_route=\/wp\/v2\/posts\/4934","targetHints":{"allow":["GET"]}}],"collection":[{"href":"https:\/\/www.semanariolocal.cl\/index.php?rest_route=\/wp\/v2\/posts"}],"about":[{"href":"https:\/\/www.semanariolocal.cl\/index.php?rest_route=\/wp\/v2\/types\/post"}],"author":[{"embeddable":true,"href":"https:\/\/www.semanariolocal.cl\/index.php?rest_route=\/wp\/v2\/users\/1"}],"replies":[{"embeddable":true,"href":"https:\/\/www.semanariolocal.cl\/index.php?rest_route=%2Fwp%2Fv2%2Fcomments&post=4934"}],"version-history":[{"count":2,"href":"https:\/\/www.semanariolocal.cl\/index.php?rest_route=\/wp\/v2\/posts\/4934\/revisions"}],"predecessor-version":[{"id":4949,"href":"https:\/\/www.semanariolocal.cl\/index.php?rest_route=\/wp\/v2\/posts\/4934\/revisions\/4949"}],"wp:featuredmedia":[{"embeddable":true,"href":"https:\/\/www.semanariolocal.cl\/index.php?rest_route=\/wp\/v2\/media\/4935"}],"wp:attachment":[{"href":"https:\/\/www.semanariolocal.cl\/index.php?rest_route=%2Fwp%2Fv2%2Fmedia&parent=4934"}],"wp:term":[{"taxonomy":"category","embeddable":true,"href":"https:\/\/www.semanariolocal.cl\/index.php?rest_route=%2Fwp%2Fv2%2Fcategories&post=4934"},{"taxonomy":"post_tag","embeddable":true,"href":"https:\/\/www.semanariolocal.cl\/index.php?rest_route=%2Fwp%2Fv2%2Ftags&post=4934"}],"curies":[{"name":"wp","href":"https:\/\/api.w.org\/{rel}","templated":true}]}}