{"id":4931,"date":"2022-03-24T08:24:00","date_gmt":"2022-03-24T11:24:00","guid":{"rendered":"https:\/\/www.semanariolocal.cl\/?p=4931"},"modified":"2022-03-24T23:27:19","modified_gmt":"2022-03-25T02:27:19","slug":"hughes-y-fundacion-social-en-red-conectan-via-satelite-a-familias-del-paso-el-leon","status":"publish","type":"post","link":"https:\/\/www.semanariolocal.cl\/?p=4931","title":{"rendered":"Hughes y Fundaci\u00f3n Social en Red conectan v\u00eda sat\u00e9lite a familias del Paso El Le\u00f3n"},"content":{"rendered":"\n<p>Luego de una exitosa experiencia construyendo un centro comunitario de internet en la localidad de Llanada Grande en la regi\u00f3n de Los Lagos, Hughes junto a la&nbsp;<a>Fundaci\u00f3n Trabajo Social en Red&nbsp;<\/a>concretaron una nueva iniciativa, esta vez para&nbsp;<strong>dotar de conexi\u00f3n satelital a 26 familias que viven en el sector cordillerano de Paso El Le\u00f3n<\/strong>. Gracias a este proyecto, escolares y familias de esta zona fronteriza romper\u00e1n el aislamiento con acceso gratuito y abierto a internet.&nbsp;&nbsp;<\/p>\n\n\n\n<p>Este avance es posible gracias al apoyo de diversas organizaciones y entidades tanto p\u00fablicas como privadas. Entre ellas, la empresa internacional Hughes, l\u00edder mundial en internet satelital, que una vez m\u00e1s se suma brindando conexiones ilimitadas y de alta velocidad para integrar a algunas de las localidades m\u00e1s aisladas de la zona al nuevo mundo digital.&nbsp;&nbsp;<\/p>\n\n\n\n<p>Sobre esto,&nbsp;<strong>Benjam\u00edn Valverde, gerente general de Hughes<\/strong>, afirm\u00f3 que \u201cPese a que Chile es reconocido por los altos niveles de acceso a Internet de su poblaci\u00f3n, en Hughes, somos conscientes de que a\u00fan existen m\u00e1s de 1.300 localidades sin conectividad en el pa\u00eds. En Hughes, nuestra vocaci\u00f3n es llegar con conectividad a aquellos lugares donde nadie m\u00e1s llega y por lo mismo tambi\u00e9n estamos orgullosos de aportar en proyectos sociales como este con el fin de acortar la brecha digital en el pa\u00eds\u201d.&nbsp;<\/p>\n\n\n\n<p>Por su parte,&nbsp;<strong>Jaime Hinostroza, presidente de la Fundaci\u00f3n Social en Red<\/strong>, coment\u00f3 que \u201cEstamos desarrollando los centros satelitales de acuerdo a la experiencia de Llanada Grande, que fue el piloto. En este minuto el pa\u00eds transita hacia el Chile del futuro. Actualmente, en el esquema de producci\u00f3n que vivimos, las zonas de sacrificio se entienden como sectores contaminados, con humo, y una serie de enfermedades. En el Chile digital, las zonas de sacrificio van a ser aquellas que est\u00e9n fuera del acceso a internet, y todas esas personas van a ser excluidas de este nuevo mundo digital. Por lo tanto, cuando nosotros en la Fundaci\u00f3n hablamos de que luchamos por la inclusi\u00f3n digital, es justamente porque todos estos vecinos, todas estas personas, tambi\u00e9n tienen derecho a vivir y estar con nosotros en el Chile del futuro\u201d.&nbsp;&nbsp;<\/p>\n\n\n\n<p>Vecinos y vecinas de Paso El Le\u00f3n compartieron con el equipo que lleg\u00f3 hasta la localidad para instalar y habilitar equipos y conexiones, viaje que pudo concretarse gracias a la Fuerza A\u00e9rea de Chile y al apoyo del General de Brigada A\u00e9rea (A) Sergio Rojas Schwemmer Comandante en Jefe de la III Brigada de la FACH. Esta colaboraci\u00f3n consisti\u00f3 en los traslados en un helic\u00f3ptero Bell 412 bajo el mando del Teniente Joaqu\u00edn Reyes desde Puerto Montt para trasladar al equipo humano y t\u00e9cnico necesario. La delegaci\u00f3n fue recibida por los carabineros del reten fronterizo de Paso El Le\u00f3n, dirigentes vecinales y la comunidad escolar, quienes manifestaron su alegr\u00eda ante tan importante avance. A la video conferencia inaugural, se sumaron Jorge Westermeier en representaci\u00f3n del Gobernador Regional Don Patricio Vallesp\u00edn, Francisco Moreno Subsecretario de Telecomunicaciones, el General (A) Sergio Rojas Schwemmer en representaci\u00f3n de la Fuerza A\u00e9rea de Chile y Ana Duque en representaci\u00f3n de Hughes.&nbsp;<\/p>\n\n\n\n<p>Previo a este proyecto, la localidad ten\u00eda acceso a internet \u00fanicamente en algunos sectores a trav\u00e9s de redes de telefon\u00eda celular, y sufr\u00eda adem\u00e1s las complicaciones propias de la desconexi\u00f3n ante inclemencias clim\u00e1ticas. En ese sentido, el proyecto de Trabajo Social en Red contempla un nuevo viaje en primavera para instalar un sistema de generaci\u00f3n el\u00e9ctrica a trav\u00e9s de energ\u00eda solar, lo que permitir\u00e1 mayor autonom\u00eda y respaldo a las actividades de la escuela y comunidad en general.&nbsp;&nbsp;<\/p>\n\n\n\n<p>Por \u00faltimo, cabe destacar que, junto a la instalaci\u00f3n y habilitaci\u00f3n de internet satelital, la escuela de Paso El Le\u00f3n recibi\u00f3 computadores para sus alumnos y una TV digital para incorporar contenido multimedia a las actividades escolares y comunitarias, los cuales fueron donados la Fundaci\u00f3n Trabajo Social en Red.&nbsp;&nbsp;<\/p>\n","protected":false},"excerpt":{"rendered":"<p>De esta manera, y gracias a una alianza p\u00fablico-privada, 26 familias de la regi\u00f3n de Los Lagos ser\u00e1n beneficiadas con acceso gratuito y abierto a la red. <\/p>\n","protected":false},"author":1,"featured_media":4932,"comment_status":"closed","ping_status":"closed","sticky":false,"template":"","format":"standard","meta":{"footnotes":""},"categories":[3,8],"tags":[],"class_list":["post-4931","post","type-post","status-publish","format-standard","has-post-thumbnail","hentry","category-al-dia","category-comunas"],"_links":{"self":[{"href":"https:\/\/www.semanariolocal.cl\/index.php?rest_route=\/wp\/v2\/posts\/4931","targetHints":{"allow":["GET"]}}],"collection":[{"href":"https:\/\/www.semanariolocal.cl\/index.php?rest_route=\/wp\/v2\/posts"}],"about":[{"href":"https:\/\/www.semanariolocal.cl\/index.php?rest_route=\/wp\/v2\/types\/post"}],"author":[{"embeddable":true,"href":"https:\/\/www.semanariolocal.cl\/index.php?rest_route=\/wp\/v2\/users\/1"}],"replies":[{"embeddable":true,"href":"https:\/\/www.semanariolocal.cl\/index.php?rest_route=%2Fwp%2Fv2%2Fcomments&post=4931"}],"version-history":[{"count":1,"href":"https:\/\/www.semanariolocal.cl\/index.php?rest_route=\/wp\/v2\/posts\/4931\/revisions"}],"predecessor-version":[{"id":4933,"href":"https:\/\/www.semanariolocal.cl\/index.php?rest_route=\/wp\/v2\/posts\/4931\/revisions\/4933"}],"wp:featuredmedia":[{"embeddable":true,"href":"https:\/\/www.semanariolocal.cl\/index.php?rest_route=\/wp\/v2\/media\/4932"}],"wp:attachment":[{"href":"https:\/\/www.semanariolocal.cl\/index.php?rest_route=%2Fwp%2Fv2%2Fmedia&parent=4931"}],"wp:term":[{"taxonomy":"category","embeddable":true,"href":"https:\/\/www.semanariolocal.cl\/index.php?rest_route=%2Fwp%2Fv2%2Fcategories&post=4931"},{"taxonomy":"post_tag","embeddable":true,"href":"https:\/\/www.semanariolocal.cl\/index.php?rest_route=%2Fwp%2Fv2%2Ftags&post=4931"}],"curies":[{"name":"wp","href":"https:\/\/api.w.org\/{rel}","templated":true}]}}