{"id":4928,"date":"2022-03-24T08:21:00","date_gmt":"2022-03-24T11:21:00","guid":{"rendered":"https:\/\/www.semanariolocal.cl\/?p=4928"},"modified":"2022-03-24T23:23:49","modified_gmt":"2022-03-25T02:23:49","slug":"ministro-huepe-participa-en-reunion-ministerial-de-la-agencia-internacional-de-energia","status":"publish","type":"post","link":"https:\/\/www.semanariolocal.cl\/?p=4928","title":{"rendered":"Ministro Huepe participa en reuni\u00f3n Ministerial de la Agencia Internacional de Energ\u00eda"},"content":{"rendered":"\n<p>La Agencia Internacional de Energ\u00eda (AIE) est\u00e1 realizando en Par\u00eds, Francia, su reuni\u00f3n del a\u00f1o 2022, la cual cuenta con la participaci\u00f3n de los principales l\u00edderes de las mayores potencias energ\u00e9ticas del mundo, entre los que se encuentra Claudio Huepe, ministro de Energ\u00eda del gobierno del presidente Gabriel Boric.&nbsp;<\/p>\n\n\n\n<p>El encuentro tiene lugar en el contexto de dos crisis con consecuencias directas en la producci\u00f3n, comercio, usos y seguridad de la energ\u00eda, como son el cambio clim\u00e1tico y la invasi\u00f3n de Rusia a Ucrania.&nbsp;<\/p>\n\n\n\n<p>La participaci\u00f3n del ministro Huepe tiene como objetivo intercambiar experiencias para fortalecer la seguridad energ\u00e9tica en el contexto de nuestra transici\u00f3n hacia energ\u00edas no f\u00f3siles.&nbsp;<\/p>\n\n\n\n<p>Entre las primeras actividades que realiz\u00f3 la autoridad, fue la firma de convenio con el director ejecutivo de la AIE, Fatih Birol, con quien firm\u00f3 un programa de trabajo conjunto para el per\u00edodo 2022-2023.<\/p>\n\n\n\n<p>Adem\u00e1s, durante este encuentro, se abord\u00f3 la consolidaci\u00f3n de la capacidad de respuesta de Chile ante emergencias, junto con colaborar en intercambiar informaci\u00f3n, mejorando pr\u00e1cticas para el acceso universal y equitativo a servicios energ\u00e9ticos de calidad para que sean seguros, confiables, eficientes y sustentables, con el fin de reducir la pobreza energ\u00e9tica y contribuir al desarrollo humano.<\/p>\n\n\n\n<p>Dentro del trabajo que se llevara a cabo entre el Ministerio de Energ\u00eda y el organismo internacional, con el que Chile est\u00e1 en proceso de ser miembro pleno, est\u00e1 el fortalecimiento de la pol\u00edtica energ\u00e9tica chilena en las \u00e1reas de energ\u00edas renovables; estad\u00edsticas e informaci\u00f3n y seguridad energ\u00e9tica.<\/p>\n\n\n\n<p>Entra las actividades que tiene programadas el ministro, se incluye intervenir en el plenario de la reuni\u00f3n, y adem\u00e1s ser expositor en la charla \u201cGarantizar una transici\u00f3n de energ\u00eda limpia, centrada en las personas, y justa\u201d, donde expondr\u00e1 en el bloque de perspectivas globales, compartiendo escenario con Diego Mesa Puyo, ministro de Minas y Energ\u00eda de Colombia, Sophie Gladima, ministra de Petr\u00f3leo y Energ\u00eda de Senegal y Jonathan Wilkinson, ministro de Recursos Naturales de Canad\u00e1, entre otros.&nbsp;&nbsp;<\/p>\n\n\n\n<p>Asimismo, se espera que sostenga reuniones bilaterales con los ministros de Energ\u00edas de distintos pa\u00edses, dando a conocer las prioridades energ\u00e9ticas de Chile, entre los que se incluyen Argentina, B\u00e9lgica, Colombia, Espa\u00f1a, Estados Unidos y Francia.<\/p>\n\n\n\n<p><strong>Agencia Internacional de Energ\u00eda<\/strong><\/p>\n\n\n\n<p>La AIE es una organizaci\u00f3n internacional creada por la Organizaci\u00f3n para la Cooperaci\u00f3n y el Desarrollo Econ\u00f3mico (OCDE) tras la crisis del petr\u00f3leo de 1973, con el prop\u00f3sito de coordinar las pol\u00edticas energ\u00e9ticas de sus Estados miembros, asegurando una energ\u00eda confiable, asequible y limpia.&nbsp;<\/p>\n\n\n\n<p>Chile se convirti\u00f3 en pa\u00eds candidato a miembro de la AIE en octubre de 2010. Para obtener esa categor\u00eda debe completar una serie de requisitos establecidos por la instituci\u00f3n, los que actualmente se encuentran en desarrollo por parte del Ministerio de Energ\u00eda<\/p>\n","protected":false},"excerpt":{"rendered":"<p>La cita re\u00fane a los ministros de las principales potencias energ\u00e9ticas, para compartir experiencias y posiciones de los distintos gobiernos sobre la situaci\u00f3n actual y los desaf\u00edos del sector.<\/p>\n","protected":false},"author":1,"featured_media":4929,"comment_status":"closed","ping_status":"closed","sticky":false,"template":"","format":"standard","meta":{"footnotes":""},"categories":[3],"tags":[],"class_list":["post-4928","post","type-post","status-publish","format-standard","has-post-thumbnail","hentry","category-al-dia"],"_links":{"self":[{"href":"https:\/\/www.semanariolocal.cl\/index.php?rest_route=\/wp\/v2\/posts\/4928","targetHints":{"allow":["GET"]}}],"collection":[{"href":"https:\/\/www.semanariolocal.cl\/index.php?rest_route=\/wp\/v2\/posts"}],"about":[{"href":"https:\/\/www.semanariolocal.cl\/index.php?rest_route=\/wp\/v2\/types\/post"}],"author":[{"embeddable":true,"href":"https:\/\/www.semanariolocal.cl\/index.php?rest_route=\/wp\/v2\/users\/1"}],"replies":[{"embeddable":true,"href":"https:\/\/www.semanariolocal.cl\/index.php?rest_route=%2Fwp%2Fv2%2Fcomments&post=4928"}],"version-history":[{"count":1,"href":"https:\/\/www.semanariolocal.cl\/index.php?rest_route=\/wp\/v2\/posts\/4928\/revisions"}],"predecessor-version":[{"id":4930,"href":"https:\/\/www.semanariolocal.cl\/index.php?rest_route=\/wp\/v2\/posts\/4928\/revisions\/4930"}],"wp:featuredmedia":[{"embeddable":true,"href":"https:\/\/www.semanariolocal.cl\/index.php?rest_route=\/wp\/v2\/media\/4929"}],"wp:attachment":[{"href":"https:\/\/www.semanariolocal.cl\/index.php?rest_route=%2Fwp%2Fv2%2Fmedia&parent=4928"}],"wp:term":[{"taxonomy":"category","embeddable":true,"href":"https:\/\/www.semanariolocal.cl\/index.php?rest_route=%2Fwp%2Fv2%2Fcategories&post=4928"},{"taxonomy":"post_tag","embeddable":true,"href":"https:\/\/www.semanariolocal.cl\/index.php?rest_route=%2Fwp%2Fv2%2Ftags&post=4928"}],"curies":[{"name":"wp","href":"https:\/\/api.w.org\/{rel}","templated":true}]}}