{"id":4922,"date":"2022-03-23T16:29:17","date_gmt":"2022-03-23T19:29:17","guid":{"rendered":"https:\/\/www.semanariolocal.cl\/?p=4922"},"modified":"2022-03-23T16:29:18","modified_gmt":"2022-03-23T19:29:18","slug":"embajadora-de-israel-culmina-visita-oficial-a-castro-comprometiendo-apoyo-en-materia-social","status":"publish","type":"post","link":"https:\/\/www.semanariolocal.cl\/?p=4922","title":{"rendered":"Embajadora de Israel culmina visita oficial a Castro comprometiendo apoyo en materia social"},"content":{"rendered":"\n<p>Con la plantaci\u00f3n de \u00e1rboles en la poblaci\u00f3n Camilo Henr\u00edquez, lugar donde ocurri\u00f3 el mega incendio de diciembre pasado, la embajadora de Israel, Marina Rosenberg, culmin\u00f3 tres d\u00edas de intensas actividades en la comuna de Castro.<\/p>\n\n\n\n<p>En la zona cero y en compa\u00f1\u00eda de la administradora municipal, Isabel Bascu\u00f1\u00e1n, la diplom\u00e1tica particip\u00f3 de la plantaci\u00f3n de especies nativas arb\u00f3reas, entre ellos el Canelo, acto marcado de simbolismo especialmente por lo que representa para la cultura jud\u00eda.<\/p>\n\n\n\n<p>\u201cEn la cultura y tradici\u00f3n jud\u00eda los \u00e1rboles significan la vida y su continuidad, por eso, m\u00e1s all\u00e1 del trabajo que est\u00e1 haciendo el municipio con Desaf\u00edo Chile y otras organizaciones, nosotros quer\u00edamos plantar esta continuidad para dar esperanza a las familias que van a recibir sus casas, y van a recibir un espacio verde que los va a rodear\u00bb, sostuvo Rosenberg.<\/p>\n\n\n\n<p>Por su parte, Isabel Bascu\u00f1\u00e1n, administradora de Castro Municipio, valor\u00f3 la presencia de la diplom\u00e1tica y en especial su compromiso con la naturaleza. \u201cVine en representaci\u00f3n del alcalde Juan Eduardo Vera, y lo que se vino hacer es dar esperanza, sabemos que la naturaleza contribuye, suma, este verde hace que este d\u00eda menos oscuro. Lo que se hizo fue plantar un Canelo en la zona cero que tan afectada se vio hace un poquito m\u00e1s de cuatro meses\u201d.<\/p>\n\n\n\n<p>En tanto, los residentes del sector agradecieron la visita de dignataria y a trav\u00e9s de Jaime C\u00e1rdenas, vocero y representante de los vecinos damnificados de la poblaci\u00f3n Camilo Henr\u00edquez resaltaron la posibilidad de hermosear su entorno. \u201cEste es el inicio para que lo que ser\u00e1n las futuras \u00e1reas verdes, que son los proyectos para resguardar los terrenos que quedar\u00e1n vac\u00edos y nos permite avanzar en la reconstrucci\u00f3n ya que queremos ver todo esto con \u00e1reas verdes, quer\u00edamos que esto cambiara y eso est\u00e1 pasando\u201d, sostuvo.<\/p>\n\n\n\n<p>INTENSA AGENDA<\/p>\n\n\n\n<p>En los tres d\u00edas de su permanencia en la capital insular, la diplom\u00e1tica conoci\u00f3 las necesidades locales de la mano del alcalde Juan Eduardo Vera, quien ofici\u00f3 de anfitri\u00f3n en una cita con otros alcaldes de Chilo\u00e9; se empap\u00f3 de la realidad de las mujeres artesanas de Castro, en un encuentro organizado por la Oficina de la Mujer; y tambi\u00e9n conoci\u00f3 la importante labor que realiza el Centro Veterinario Municipal en materia de protecci\u00f3n de las mascotas y su destacada labor solidaria durante la cat\u00e1strofe del mega incendio.<\/p>\n\n\n\n<p>Su paso por la provincia incluy\u00f3 adem\u00e1s un compromiso de asistencia tecnol\u00f3gica por parte de Israel, dada la experiencia que tiene el estado hebreo en materia de manejo del agua, en situaciones de escasez h\u00eddrica como las que atraviesa Chiloe en temporada estival.<\/p>\n\n\n\n<p>\u201cMe pidieron que avancemos en un convenio en el tema de escasez h\u00eddrica, Israel tiene la soluci\u00f3n y la expertiz en ese tema y ser\u00eda una pena no tomar provecho de eso para traer soluciones concretas e inmediatas a los desaf\u00edos que existen aqu\u00ed en Chilo\u00e9\u201c, se\u00f1al\u00f3 enf\u00e1ticamente.<\/p>\n","protected":false},"excerpt":{"rendered":"<p>Marina Rosenberg destac\u00f3 la labor que efect\u00faa Castro Municipio y manifest\u00f3 su inter\u00e9s en concretar convenios de ayuda.<\/p>\n","protected":false},"author":1,"featured_media":4923,"comment_status":"closed","ping_status":"closed","sticky":false,"template":"","format":"standard","meta":{"footnotes":""},"categories":[3,8],"tags":[],"class_list":["post-4922","post","type-post","status-publish","format-standard","has-post-thumbnail","hentry","category-al-dia","category-comunas"],"_links":{"self":[{"href":"https:\/\/www.semanariolocal.cl\/index.php?rest_route=\/wp\/v2\/posts\/4922","targetHints":{"allow":["GET"]}}],"collection":[{"href":"https:\/\/www.semanariolocal.cl\/index.php?rest_route=\/wp\/v2\/posts"}],"about":[{"href":"https:\/\/www.semanariolocal.cl\/index.php?rest_route=\/wp\/v2\/types\/post"}],"author":[{"embeddable":true,"href":"https:\/\/www.semanariolocal.cl\/index.php?rest_route=\/wp\/v2\/users\/1"}],"replies":[{"embeddable":true,"href":"https:\/\/www.semanariolocal.cl\/index.php?rest_route=%2Fwp%2Fv2%2Fcomments&post=4922"}],"version-history":[{"count":1,"href":"https:\/\/www.semanariolocal.cl\/index.php?rest_route=\/wp\/v2\/posts\/4922\/revisions"}],"predecessor-version":[{"id":4924,"href":"https:\/\/www.semanariolocal.cl\/index.php?rest_route=\/wp\/v2\/posts\/4922\/revisions\/4924"}],"wp:featuredmedia":[{"embeddable":true,"href":"https:\/\/www.semanariolocal.cl\/index.php?rest_route=\/wp\/v2\/media\/4923"}],"wp:attachment":[{"href":"https:\/\/www.semanariolocal.cl\/index.php?rest_route=%2Fwp%2Fv2%2Fmedia&parent=4922"}],"wp:term":[{"taxonomy":"category","embeddable":true,"href":"https:\/\/www.semanariolocal.cl\/index.php?rest_route=%2Fwp%2Fv2%2Fcategories&post=4922"},{"taxonomy":"post_tag","embeddable":true,"href":"https:\/\/www.semanariolocal.cl\/index.php?rest_route=%2Fwp%2Fv2%2Ftags&post=4922"}],"curies":[{"name":"wp","href":"https:\/\/api.w.org\/{rel}","templated":true}]}}