{"id":4916,"date":"2022-03-23T16:23:07","date_gmt":"2022-03-23T19:23:07","guid":{"rendered":"https:\/\/www.semanariolocal.cl\/?p=4916"},"modified":"2022-03-23T16:23:08","modified_gmt":"2022-03-23T19:23:08","slug":"diputados-udi-critican-una-eventual-expropiacion-de-los-fondos-de-pensiones","status":"publish","type":"post","link":"https:\/\/www.semanariolocal.cl\/?p=4916","title":{"rendered":"Diputados UDI  critican  una eventual expropiaci\u00f3n  de los fondos de pensiones."},"content":{"rendered":"\n<p>Los diputados de la UDI, Juan Antonio Coloma y Flor Weisse, aseguraron que la verdadera intenci\u00f3n del Gobierno es \u201cmeter la mano en el bolsillo de todas las familias de clase media\u201d, luego que la ministra de Trabajo y Previsi\u00f3n Social, Jeannette Jara, abriera la puerta a una eventual expropiaci\u00f3n de los fondos de pensiones, mientras que el titular de Obras P\u00fablicas, Juan Carlos Garc\u00eda, anunciara que eval\u00faan aplicar un impuesto al consumo de agua.<\/p>\n\n\n\n<p>Al respecto, y cuestionando que este \u00faltimo anuncio se realizara durante la conmemoraci\u00f3n del D\u00eda Mundial del Agua, los parlamentarios gremialistas se\u00f1alaron que \u201csi la respuesta del Gobierno a todos los problemas que enfrentar\u00e1n va a ser simplemente el aplicar y aplicar m\u00e1s impuestos, est\u00e1n profundamente equivocados\u201d, agregando que \u201cla soluci\u00f3n no es hacerle la vida m\u00e1s cara a los chilenos, sino que buscar la f\u00f3rmula para que todos pueden desarrollarse y mejorar sus vidas\u201d.<\/p>\n\n\n\n<p>\u201cEs lamentable que en doce d\u00edas de administraci\u00f3n, el Gobierno ya nos haya notificado que van a expropiar los fondos de pensiones y que eval\u00faan cobrarle un impuesto a las familias chilenas por consumir agua, desconociendo que para avanzar en una pol\u00edtica h\u00eddrica no podemos amenazar a las personas con cobrarles m\u00e1s y m\u00e1s impuestos\u201d, criticaron Coloma y Weisse.<\/p>\n\n\n\n<p>En esa l\u00ednea, ambos parlamentarios cuestionaron que el Ejecutivo tambi\u00e9n mantuviera su intenci\u00f3n de aumentar el Impuesto Espec\u00edfico a los Combustibles, manifestando que \u201ces absolutamente il\u00f3gico y hasta insensato aumentar un impuesto cuando el precio de las bencinas est\u00e1 llegando a precios excesivamente altos y, probablemente, continuar\u00e1 subiendo por semanas\u201d.<\/p>\n\n\n\n<p>\u201cCuando el Gobierno reconoce que podr\u00eda expropiar los ahorros a los trabajadores, aplicar un nuevo impuesto al consumo de agua y aumentar a\u00fan m\u00e1s el impuesto a los combustibles, lo que estar\u00e1n haciendo es meterle la mano al bolsillo de la clase media. Lamentablemente, tenemos enfrente a un Gobierno que no dudar\u00e1 en aplicar m\u00e1s impuestos a los chilenos y que le expropiar\u00e1 sus ahorros a los m\u00e1s esforzados\u201d, concluyeron los UDI.<\/p>\n","protected":false},"excerpt":{"rendered":"<p>Coloma y Weisse criticaron al Ejecutivo tras abrir la puerta a una eventual nacionalizaci\u00f3n de los fondos de pensiones, como tambi\u00e9n por evaluar un nuevo gravamen al consumo de agua y por insistir con aumentar el Impuesto Espec\u00edfico a los Combustibles. <\/p>\n","protected":false},"author":1,"featured_media":4917,"comment_status":"closed","ping_status":"closed","sticky":false,"template":"","format":"standard","meta":{"footnotes":""},"categories":[6],"tags":[],"class_list":["post-4916","post","type-post","status-publish","format-standard","has-post-thumbnail","hentry","category-politica"],"_links":{"self":[{"href":"https:\/\/www.semanariolocal.cl\/index.php?rest_route=\/wp\/v2\/posts\/4916","targetHints":{"allow":["GET"]}}],"collection":[{"href":"https:\/\/www.semanariolocal.cl\/index.php?rest_route=\/wp\/v2\/posts"}],"about":[{"href":"https:\/\/www.semanariolocal.cl\/index.php?rest_route=\/wp\/v2\/types\/post"}],"author":[{"embeddable":true,"href":"https:\/\/www.semanariolocal.cl\/index.php?rest_route=\/wp\/v2\/users\/1"}],"replies":[{"embeddable":true,"href":"https:\/\/www.semanariolocal.cl\/index.php?rest_route=%2Fwp%2Fv2%2Fcomments&post=4916"}],"version-history":[{"count":1,"href":"https:\/\/www.semanariolocal.cl\/index.php?rest_route=\/wp\/v2\/posts\/4916\/revisions"}],"predecessor-version":[{"id":4918,"href":"https:\/\/www.semanariolocal.cl\/index.php?rest_route=\/wp\/v2\/posts\/4916\/revisions\/4918"}],"wp:featuredmedia":[{"embeddable":true,"href":"https:\/\/www.semanariolocal.cl\/index.php?rest_route=\/wp\/v2\/media\/4917"}],"wp:attachment":[{"href":"https:\/\/www.semanariolocal.cl\/index.php?rest_route=%2Fwp%2Fv2%2Fmedia&parent=4916"}],"wp:term":[{"taxonomy":"category","embeddable":true,"href":"https:\/\/www.semanariolocal.cl\/index.php?rest_route=%2Fwp%2Fv2%2Fcategories&post=4916"},{"taxonomy":"post_tag","embeddable":true,"href":"https:\/\/www.semanariolocal.cl\/index.php?rest_route=%2Fwp%2Fv2%2Ftags&post=4916"}],"curies":[{"name":"wp","href":"https:\/\/api.w.org\/{rel}","templated":true}]}}