{"id":4913,"date":"2022-03-23T16:18:22","date_gmt":"2022-03-23T19:18:22","guid":{"rendered":"https:\/\/www.semanariolocal.cl\/?p=4913"},"modified":"2022-03-23T16:18:26","modified_gmt":"2022-03-23T19:18:26","slug":"mas-de-20-emprendedoras-de-los-lagos-exponen-este-jueves-en-feria-virtual-2022","status":"publish","type":"post","link":"https:\/\/www.semanariolocal.cl\/?p=4913","title":{"rendered":"Mas de 20 emprendedoras de Los Lagos exponen este jueves en feria virtual 2022"},"content":{"rendered":"\n<p>En el sitio&nbsp;<a href=\"http:\/\/www.feriaemprendedoras.cl\/\" target=\"_blank\" rel=\"noreferrer noopener\">www.feriaemprendedoras.cl<\/a>, las emprendedoras podr\u00e1n exhibir sus productos y servicios, junto con ampliar sus redes comerciales y potenciar sus negocios. Es as\u00ed que la jornada tambi\u00e9n incluye charlas y talleres de marketing digital; oferta p\u00fablica y cooperaci\u00f3n internacional de apoyo al emprendimiento femenino, entre otros.<\/p>\n\n\n\n<p>Desde la direcci\u00f3n regional de Corfo Los Lagos se\u00f1alaron que la vitrina es un espacio de difusi\u00f3n de los productos y servicios de las emprendedoras junto con ser un canal de comercializaci\u00f3n, de relaci\u00f3n de emprendedoras de crear oportunidades y nuevos negocios, de generar ventas junto con incentivar la digitalizaci\u00f3n de las pymes a trav\u00e9s de plataformas de difusi\u00f3n, pago y distribuci\u00f3n en l\u00ednea.<\/p>\n\n\n\n<p>El evento ser\u00e1 el jueves 24 de marzo y estar\u00e1 estructurado con distintas actividades que se realizar\u00e1n durante la jornada con tal de proporcionar instancia de networking, \u00e9stas se dividen en; paneles, talleres, videos de emprendedoras, vitrina virtual de las emprendedoras donde se podr\u00e1 acceder a sus productos o servicios, un bloque de contenidos tem\u00e1ticos compuesto por webinars y\/o talleres y un concurso.<\/p>\n\n\n\n<p>Artesan\u00edas, maquillaje, juegos y juguetes, belleza y bienestar, maternidad, productos gourmet, decoraci\u00f3n, vestuario entre otros son parte de los sectores productivos que se presentar\u00e1n en la feria, ejemplo de ellas son Kal Austral, Ama M\u00eda, Pataguin,&nbsp;<a href=\"http:\/\/makeup.moments.cl\/\" target=\"_blank\" rel=\"noreferrer noopener\">Makeup.moments.cl<\/a>, Ecoenvoltorios Patagonia Ecowraps emprendimientos lideradas por mujeres de Los Lagos que con sus trabajos formar\u00e1n parte de esta instancia.<\/p>\n\n\n\n<p>Carolina Monsalves desde Puerto Montt y due\u00f1a de Patagonia Ecowraps, dice que a trav\u00e9s de un correo de Corfo fue invitada a participar de esta feria tambi\u00e9n como parte de la Asociaci\u00f3n Gremial de Gu\u00eda de turismo a la que pertenece, ella lidera este emprendimiento hace un a\u00f1o dice ya que por motivos de la pandemia debi\u00f3 re inventarse, \u201caunque no lo crean una de las mayores dificultades fue al formalizar porque me deb\u00ed instruir sobre todo este proceso de facturas, boletas y se le ha hecho mas dif\u00edcil en t\u00e9rminos contables, pero los beneficios han sido innumerables, primero una mayor red de contactos con la que he logrado expandir mi producto a mercados nacionales y aun mayor alcance en instagram @patagoniaecowraps los envoltorios apuestan por la necesaria conciencia ambiental\u201d, explic\u00f3<\/p>\n","protected":false},"excerpt":{"rendered":"<p>La primera vitrina digital para emprendedoras en Chile www.feriaemprendedoras.cl es un espacio de difusi\u00f3n y oportunidades de nuevos negocios un encuentro que re\u00fane a expositoras de todo el territorio nacional<\/p>\n<p>21 emprendedoras de la regi\u00f3n de Los Lagos se dar\u00e1n cita junto a cientos de emprendedoras chilenas en una nueva versi\u00f3n de la feria digital de Corfo, que permite a pymes lideradas por mujeres conectarse y compartir experiencias, formas de financiamientos y expansi\u00f3n a nuevos mercados.<\/p>\n","protected":false},"author":1,"featured_media":4914,"comment_status":"closed","ping_status":"closed","sticky":false,"template":"","format":"standard","meta":{"footnotes":""},"categories":[12],"tags":[],"class_list":["post-4913","post","type-post","status-publish","format-standard","has-post-thumbnail","hentry","category-economia"],"_links":{"self":[{"href":"https:\/\/www.semanariolocal.cl\/index.php?rest_route=\/wp\/v2\/posts\/4913","targetHints":{"allow":["GET"]}}],"collection":[{"href":"https:\/\/www.semanariolocal.cl\/index.php?rest_route=\/wp\/v2\/posts"}],"about":[{"href":"https:\/\/www.semanariolocal.cl\/index.php?rest_route=\/wp\/v2\/types\/post"}],"author":[{"embeddable":true,"href":"https:\/\/www.semanariolocal.cl\/index.php?rest_route=\/wp\/v2\/users\/1"}],"replies":[{"embeddable":true,"href":"https:\/\/www.semanariolocal.cl\/index.php?rest_route=%2Fwp%2Fv2%2Fcomments&post=4913"}],"version-history":[{"count":1,"href":"https:\/\/www.semanariolocal.cl\/index.php?rest_route=\/wp\/v2\/posts\/4913\/revisions"}],"predecessor-version":[{"id":4915,"href":"https:\/\/www.semanariolocal.cl\/index.php?rest_route=\/wp\/v2\/posts\/4913\/revisions\/4915"}],"wp:featuredmedia":[{"embeddable":true,"href":"https:\/\/www.semanariolocal.cl\/index.php?rest_route=\/wp\/v2\/media\/4914"}],"wp:attachment":[{"href":"https:\/\/www.semanariolocal.cl\/index.php?rest_route=%2Fwp%2Fv2%2Fmedia&parent=4913"}],"wp:term":[{"taxonomy":"category","embeddable":true,"href":"https:\/\/www.semanariolocal.cl\/index.php?rest_route=%2Fwp%2Fv2%2Fcategories&post=4913"},{"taxonomy":"post_tag","embeddable":true,"href":"https:\/\/www.semanariolocal.cl\/index.php?rest_route=%2Fwp%2Fv2%2Ftags&post=4913"}],"curies":[{"name":"wp","href":"https:\/\/api.w.org\/{rel}","templated":true}]}}