{"id":4907,"date":"2022-03-23T16:09:56","date_gmt":"2022-03-23T19:09:56","guid":{"rendered":"https:\/\/www.semanariolocal.cl\/?p=4907"},"modified":"2022-03-23T16:09:56","modified_gmt":"2022-03-23T19:09:56","slug":"ministra-del-trabajo-jeannette-jara-se-reune-con-coordinadora-noafp","status":"publish","type":"post","link":"https:\/\/www.semanariolocal.cl\/?p=4907","title":{"rendered":"Ministra del Trabajo  Jeannette Jara se re\u00fane con Coordinadora NO+AFP"},"content":{"rendered":"\n<p>\u201cEs muy importante para nuestro Gobierno llevar adelante las transformaciones que las personas de nuestro pa\u00eds han reclamado durante mucho tiempo. En ese sentido, avanzar hacia un sistema de seguridad social es una tarea relevante, en la cual el movimiento social ha jugado un rol muy preponderante\u201d, se\u00f1al\u00f3 la ministra del Trabajo y Previsi\u00f3n Social, Jeannette Jara, luego de reunirse con representantes de la Coordinadora Nacional de Trabajadores y Trabajadoras NO+AFP.<\/p>\n\n\n\n<p>La secretaria de Estado dijo que \u201chemos querido invitar hoy al movimiento NO+AFP a sumarse a los di\u00e1logos que vamos a realizar para la reforma previsional, a fin de aunar las voluntades mayoritarias de todas y de todos para producir un cambio desde el actual sistema privado de pensiones hacia un sistema de seguridad social\u201d.<\/p>\n\n\n\n<p>La autoridad agreg\u00f3 que las transformaciones tendr\u00e1n como eje \u201cla presencia del Estado, por ser un derecho humano, el tripartismo en la cotizaci\u00f3n, la solidaridad y una mejora efectiva en las pensiones de los actuales y de los futuros jubilados, con sostenibilidad financiera y con legitimidad social\u201d.<\/p>\n\n\n\n<p>El vocero nacional de la Coordinadora, Luis Mesina, expres\u00f3 que \u201ctenemos confianza en que las promesas que se hicieron por el actual Gobierno se concreten en la medida de que avancemos hacia una propuesta realmente de seguridad social\u201d, afirm\u00f3.<\/p>\n\n\n\n<p>\u201cHemos esperado muchos a\u00f1os y es absolutamente necesario que se restituya la seguridad social p\u00fablica, que se funde en el principio de la solidaridad, que permita a hombres y mujeres de nuestro pa\u00eds poder tener la certeza de que al final de sus vidas activas van a poder contar y acceder a una pensi\u00f3n que les permita vivir plenamente y con absoluta dignidad\u201d, finaliz\u00f3 Mesina.<\/p>\n\n\n\n<p>Acompa\u00f1ando a la Ministra Jara asisti\u00f3 el subsecretario de Previsi\u00f3n Social, Christian Larra\u00edn. En tanto, tambi\u00e9n asistieron por NO+AFP la vocera nacional Sandra Mar\u00edn, y los voceros regionales Mario Villanueva, Patricia Lillo, Patricia Brito, Rosario Ram\u00edrez, adem\u00e1s de la encargada de comunicaciones Ana Muga de la Coordinadora, y de la vicepresidenta de Confederaci\u00f3n de Profesionales Universitarios de los Servicios de Salud (Fenpruss), Ana Mar\u00eda Guti\u00e9rrez.<\/p>\n\n\n\n<p>Durante los primeros d\u00edas de Gobierno, la titular de la cartera de Trabajo y Previsi\u00f3n Social ha sostenido una serie de reuniones, por medio de las cuales ha invitado a participar del di\u00e1logo para una reforma de pensiones y por el trabajo decente. Entre ellas, con la Asociaci\u00f3n Gremial Nacional de Pensionados del Sistema Privado de Chile A.G (Anacpen) y la Central Unitaria de Trabajadores (CUT). Esta tarde, adem\u00e1s, recibir\u00e1 al presidente de la Confederaci\u00f3n de la Producci\u00f3n y del Comercio (CPC), Juan Sutil, y a representantes de las seis ramas que integran la multigremial.<\/p>\n","protected":false},"excerpt":{"rendered":"<p>Con estas instancias se busca \u201caunar las voluntades mayoritarias de todas y de todos para producir un cambio desde el actual sistema privado de pensiones hacia un sistema de seguridad social\u201d, dijo la secretaria de Estado<\/p>\n","protected":false},"author":1,"featured_media":4908,"comment_status":"closed","ping_status":"closed","sticky":false,"template":"","format":"standard","meta":{"footnotes":""},"categories":[3,12],"tags":[],"class_list":["post-4907","post","type-post","status-publish","format-standard","has-post-thumbnail","hentry","category-al-dia","category-economia"],"_links":{"self":[{"href":"https:\/\/www.semanariolocal.cl\/index.php?rest_route=\/wp\/v2\/posts\/4907","targetHints":{"allow":["GET"]}}],"collection":[{"href":"https:\/\/www.semanariolocal.cl\/index.php?rest_route=\/wp\/v2\/posts"}],"about":[{"href":"https:\/\/www.semanariolocal.cl\/index.php?rest_route=\/wp\/v2\/types\/post"}],"author":[{"embeddable":true,"href":"https:\/\/www.semanariolocal.cl\/index.php?rest_route=\/wp\/v2\/users\/1"}],"replies":[{"embeddable":true,"href":"https:\/\/www.semanariolocal.cl\/index.php?rest_route=%2Fwp%2Fv2%2Fcomments&post=4907"}],"version-history":[{"count":1,"href":"https:\/\/www.semanariolocal.cl\/index.php?rest_route=\/wp\/v2\/posts\/4907\/revisions"}],"predecessor-version":[{"id":4909,"href":"https:\/\/www.semanariolocal.cl\/index.php?rest_route=\/wp\/v2\/posts\/4907\/revisions\/4909"}],"wp:featuredmedia":[{"embeddable":true,"href":"https:\/\/www.semanariolocal.cl\/index.php?rest_route=\/wp\/v2\/media\/4908"}],"wp:attachment":[{"href":"https:\/\/www.semanariolocal.cl\/index.php?rest_route=%2Fwp%2Fv2%2Fmedia&parent=4907"}],"wp:term":[{"taxonomy":"category","embeddable":true,"href":"https:\/\/www.semanariolocal.cl\/index.php?rest_route=%2Fwp%2Fv2%2Fcategories&post=4907"},{"taxonomy":"post_tag","embeddable":true,"href":"https:\/\/www.semanariolocal.cl\/index.php?rest_route=%2Fwp%2Fv2%2Ftags&post=4907"}],"curies":[{"name":"wp","href":"https:\/\/api.w.org\/{rel}","templated":true}]}}