{"id":4904,"date":"2022-03-23T16:01:37","date_gmt":"2022-03-23T19:01:37","guid":{"rendered":"https:\/\/www.semanariolocal.cl\/?p=4904"},"modified":"2022-03-23T16:01:38","modified_gmt":"2022-03-23T19:01:38","slug":"consejo-regional-aprobo-millonarios-recursos-para-comite-de-agua-potable-en-las-lumas","status":"publish","type":"post","link":"https:\/\/www.semanariolocal.cl\/?p=4904","title":{"rendered":"Consejo Regional aprob\u00f3 millonarios recursos para comit\u00e9 de agua potable en Las Lumas"},"content":{"rendered":"\n<p>Una hist\u00f3rica inversi\u00f3n de m\u00e1s de 5 mil millones de pesos se destinar\u00e1 al mejoramiento integral del Sistema de APR (Agua Potable Rural) de la localidad de las Lumas en la comuna de Osorno, realiz\u00f3 el Consejo Regional de Los Lagos.<br>De acuerdo a lo expresado por la presidenta de la comisi\u00f3n provincia de Osorno de este cuerpo colegiado, Mar\u00eda Ang\u00e9lica Barraza, se trata de una inversi\u00f3n que realiza la Direcci\u00f3n de Obras Hidr\u00e1ulicas (DOH), pero que debe contar con el visto bueno del CORE y el Gobierno Regional.<br>La consejera Barraza, destac\u00f3 el trabajo de los dirigentes del comit\u00e9 de Agua Potable Rural de Las Lumas, especialmente de su presidenta, Estela Gonz\u00e1lez, quienes realizaron todas las gestiones necesarias para lograr tan anhelado objetivo, que les permitir\u00e1 mejorar la calidad del agua que distribuyen y ampliar el n\u00famero de arranques para vecinos en tiempos de sequ\u00eda.<br>Cabe recordar que hubo 59 obras de conservaci\u00f3n aprobadas por el core hasta Noviembre del a\u00f1o &nbsp;2021 y 25 iniciativas priorizadas para el desarrollo de la ingenier\u00eda para cuando se tengan fondos el presente a\u00f1o 2022.<\/p>\n","protected":false},"excerpt":{"rendered":"<p>Una hist\u00f3rica inversi\u00f3n de m\u00e1s de 5 mil millones de pesos se destinar\u00e1 al mejoramiento integral del Sistema de APR (Agua Potable Rural) de la localidad de las Lumas en la comuna de Osorno, realiz\u00f3 el Consejo Regional de Los Lagos.De acuerdo a lo expresado por la presidenta de la comisi\u00f3n provincia de Osorno de&#8230;<a class=\"btnReadMore\" href=\"https:\/\/www.semanariolocal.cl\/?p=4904\"> Leer M\u00e1s<\/a><\/p>\n","protected":false},"author":1,"featured_media":4905,"comment_status":"closed","ping_status":"closed","sticky":false,"template":"","format":"standard","meta":{"footnotes":""},"categories":[3],"tags":[],"class_list":["post-4904","post","type-post","status-publish","format-standard","has-post-thumbnail","hentry","category-al-dia"],"_links":{"self":[{"href":"https:\/\/www.semanariolocal.cl\/index.php?rest_route=\/wp\/v2\/posts\/4904","targetHints":{"allow":["GET"]}}],"collection":[{"href":"https:\/\/www.semanariolocal.cl\/index.php?rest_route=\/wp\/v2\/posts"}],"about":[{"href":"https:\/\/www.semanariolocal.cl\/index.php?rest_route=\/wp\/v2\/types\/post"}],"author":[{"embeddable":true,"href":"https:\/\/www.semanariolocal.cl\/index.php?rest_route=\/wp\/v2\/users\/1"}],"replies":[{"embeddable":true,"href":"https:\/\/www.semanariolocal.cl\/index.php?rest_route=%2Fwp%2Fv2%2Fcomments&post=4904"}],"version-history":[{"count":1,"href":"https:\/\/www.semanariolocal.cl\/index.php?rest_route=\/wp\/v2\/posts\/4904\/revisions"}],"predecessor-version":[{"id":4906,"href":"https:\/\/www.semanariolocal.cl\/index.php?rest_route=\/wp\/v2\/posts\/4904\/revisions\/4906"}],"wp:featuredmedia":[{"embeddable":true,"href":"https:\/\/www.semanariolocal.cl\/index.php?rest_route=\/wp\/v2\/media\/4905"}],"wp:attachment":[{"href":"https:\/\/www.semanariolocal.cl\/index.php?rest_route=%2Fwp%2Fv2%2Fmedia&parent=4904"}],"wp:term":[{"taxonomy":"category","embeddable":true,"href":"https:\/\/www.semanariolocal.cl\/index.php?rest_route=%2Fwp%2Fv2%2Fcategories&post=4904"},{"taxonomy":"post_tag","embeddable":true,"href":"https:\/\/www.semanariolocal.cl\/index.php?rest_route=%2Fwp%2Fv2%2Ftags&post=4904"}],"curies":[{"name":"wp","href":"https:\/\/api.w.org\/{rel}","templated":true}]}}