{"id":4901,"date":"2022-03-23T15:57:28","date_gmt":"2022-03-23T18:57:28","guid":{"rendered":"https:\/\/www.semanariolocal.cl\/?p=4901"},"modified":"2022-03-23T15:57:29","modified_gmt":"2022-03-23T18:57:29","slug":"sag-organiza-simulacro-de-influenza-aviar-ante-potencial-aparicion-del-virus","status":"publish","type":"post","link":"https:\/\/www.semanariolocal.cl\/?p=4901","title":{"rendered":"SAG organiza simulacro de influenza aviar ante potencial aparici\u00f3n del virus."},"content":{"rendered":"\n<p>En la sede Rancagua de la Universidad de O\u2019Higgins se congregaron diversos participantes de la industria av\u00edcola nacional, representantes del mundo acad\u00e9mico y funcionarios y funcionarias del Servicio Agr\u00edcola y Ganadero, con el objetivo de actualizar los procedimientos descritos en el plan de contingencia de influenza aviar y sus instructivos t\u00e9cnicos asociados a las actuales directrices del c\u00f3digo de la Organizaci\u00f3n Internacional de Sanidad Animal (OIE) y su ajuste al Sistema Nacional de Emergencias del SAG.<\/p>\n\n\n\n<p>En la ocasi\u00f3n, la Directora Nacional (s) del SAG, Andrea Collao, se\u00f1al\u00f3 que \u201ceste trabajo es fundamental para enfrentar de manera \u00f3ptima cualquier emergencia que se presente en nuestro pa\u00eds por influenza aviar. Si bien, en este momento Chile est\u00e1 libre de esta enfermedad, nuestro Servicio siempre debe estar preparado. Por ello, este tipo de instancias son fundamentales para la coordinaci\u00f3n tanto interna, como con otros actores de \u00e1mbito p\u00fablico y privado.\u201d<\/p>\n\n\n\n<p>En el informe de situaci\u00f3n de la Sanidad Animal Mundial del a\u00f1o 2021, la OIE destac\u00f3 que la Influenza Aviar Altamente Pat\u00f3gena contin\u00faa siendo una de las enfermedades transfronterizas m\u00e1s importantes, considerando que en diferentes partes del mundo se est\u00e1n enfrentando brotes causados por el subtipo H5N8 de este virus.&nbsp;<\/p>\n\n\n\n<p>Desde el a\u00f1o 2002 nuestro pa\u00eds ha tenido diversos eventos sanitarios donde cepas de virus de influenza aviar de baja patogenicidad han sido aisladas en planteles de pavos, estableci\u00e9ndose que los brotes han estado asociados a una exposici\u00f3n de poblaciones de aves dom\u00e9sticas al virus transportado por aves silvestres, migratorias o residentes.<\/p>\n\n\n\n<p>Si bien nuestro pa\u00eds es libre de esta enfermedad, en el an\u00e1lisis previo a la realizaci\u00f3n del simulacro se estableci\u00f3 que hay una alta probabilidad de nuevos eventos causados por incursiones de virus circulante en aves silvestres, pues ya se ha demostrado el rol que cumplen linajes sudamericanos de virus de la influenza aviar circulante en reservorios silvestres y que han sido la fuente principal de infecciones patog\u00e9nicas en aves dom\u00e9sticas.<\/p>\n\n\n\n<p>El SAG ha reunido una vasta experiencia en el control de estas incursiones virales en aves, sin embargo, es vital revisar en forma peri\u00f3dica los procedimientos que forman parte de Sistema de Gesti\u00f3n de Emergencias Sanitarias. Adem\u00e1s, considerando que el cap\u00edtulo de influenza aviar del C\u00f3digo de Sanidad de los Animales Terrestres de la OIE ha sufrido modificaciones, entregando nuevos enfoques y herramientas que inciden en los procedimientos para controlar un brote de esta enfermedad.&nbsp;<\/p>\n","protected":false},"excerpt":{"rendered":"<p>Como parte de las medidas de prevenci\u00f3n de ingreso de enfermedades al pa\u00eds, la formaci\u00f3n y entrenamiento de equipos para enfrentar situaciones de r\u00e1pida respuesta, el Servicio Agr\u00edcola y Ganadero realiza en Rancagua un simulacro de influenza aviar para hacer una revisi\u00f3n del plan de contingencia ante la potencial aparici\u00f3n de un brote de este virus, trabajo que se extender\u00e1 por dos d\u00edas.<\/p>\n","protected":false},"author":1,"featured_media":4902,"comment_status":"closed","ping_status":"closed","sticky":false,"template":"","format":"standard","meta":{"footnotes":""},"categories":[20,3],"tags":[],"class_list":["post-4901","post","type-post","status-publish","format-standard","has-post-thumbnail","hentry","category-agro","category-al-dia"],"_links":{"self":[{"href":"https:\/\/www.semanariolocal.cl\/index.php?rest_route=\/wp\/v2\/posts\/4901","targetHints":{"allow":["GET"]}}],"collection":[{"href":"https:\/\/www.semanariolocal.cl\/index.php?rest_route=\/wp\/v2\/posts"}],"about":[{"href":"https:\/\/www.semanariolocal.cl\/index.php?rest_route=\/wp\/v2\/types\/post"}],"author":[{"embeddable":true,"href":"https:\/\/www.semanariolocal.cl\/index.php?rest_route=\/wp\/v2\/users\/1"}],"replies":[{"embeddable":true,"href":"https:\/\/www.semanariolocal.cl\/index.php?rest_route=%2Fwp%2Fv2%2Fcomments&post=4901"}],"version-history":[{"count":1,"href":"https:\/\/www.semanariolocal.cl\/index.php?rest_route=\/wp\/v2\/posts\/4901\/revisions"}],"predecessor-version":[{"id":4903,"href":"https:\/\/www.semanariolocal.cl\/index.php?rest_route=\/wp\/v2\/posts\/4901\/revisions\/4903"}],"wp:featuredmedia":[{"embeddable":true,"href":"https:\/\/www.semanariolocal.cl\/index.php?rest_route=\/wp\/v2\/media\/4902"}],"wp:attachment":[{"href":"https:\/\/www.semanariolocal.cl\/index.php?rest_route=%2Fwp%2Fv2%2Fmedia&parent=4901"}],"wp:term":[{"taxonomy":"category","embeddable":true,"href":"https:\/\/www.semanariolocal.cl\/index.php?rest_route=%2Fwp%2Fv2%2Fcategories&post=4901"},{"taxonomy":"post_tag","embeddable":true,"href":"https:\/\/www.semanariolocal.cl\/index.php?rest_route=%2Fwp%2Fv2%2Ftags&post=4901"}],"curies":[{"name":"wp","href":"https:\/\/api.w.org\/{rel}","templated":true}]}}