{"id":4898,"date":"2022-03-23T15:54:27","date_gmt":"2022-03-23T18:54:27","guid":{"rendered":"https:\/\/www.semanariolocal.cl\/?p=4898"},"modified":"2022-03-23T15:54:27","modified_gmt":"2022-03-23T18:54:27","slug":"economista-sostiene-que-aumento-de-recursos-para-el-mepco-no-frenara-el-alza-de-la-bencina","status":"publish","type":"post","link":"https:\/\/www.semanariolocal.cl\/?p=4898","title":{"rendered":"Economista sostiene que aumento de recursos para el Mepco no frenar\u00e1 el alza de la bencina"},"content":{"rendered":"\n<p>La C\u00e1mara aprob\u00f3 el aumento de los recursos para el Mecanismo de Estabilizaci\u00f3n de los Precios de los Combustibles (Mepco), con el fin de amortiguar el alza de precios de la bencina y el di\u00e9sel durante todo 2022.<\/p>\n\n\n\n<p>Esta iniciativa busca aumentar de US$750 millones a US$1.500 y ahora deber\u00e1 pasar por el Senado. \u201cEs un mecanismo que se destina solamente al mercado de la bencina y lo que busca es que los cambios bruscos que tengan los precios del petr\u00f3leo se repartan semanalmente, hasta que sean absorbidos los precios del mercado, es decir, es dilatar el aumento, el precio de los combustibles cuando sube el precio del petr\u00f3leo\u201d, sostiene V\u00edctor Salas, economista y acad\u00e9mico de la Usach.<\/p>\n\n\n\n<p>Siguiendo esa l\u00ednea, fue claro: \u201cEste mecanismo no frena el alza de la bencina, sino que la posterga un poco\u201d.<\/p>\n\n\n\n<p>Consultado por el alza de la parafina, que no es parte del Mepco, dijo que se estima que seguir\u00e1 subiendo su precio. \u00bfSer\u00eda buena idea incluirla dentro de este aparato? \u201cNo tiene esa capacidad, si la incorporamos, va a suceder lo mismo, no se va a controlar la expansi\u00f3n de precios\u201d, se\u00f1ala el especialista.<\/p>\n\n\n\n<p>\u201cEs probable que el Gobierno tenga que tomar una decisi\u00f3n para controlar el aumento de estos precios, lo que puede entrar en conflicto con los recursos fiscales\u201d, cerr\u00f3, a\u00f1adiendo que mientras no termine la situaci\u00f3n en Ucrania, esto seguir\u00e1.<\/p>\n","protected":false},"excerpt":{"rendered":"<p>V\u00edctor Salas, acad\u00e9mico de la U. de Santiago, tambi\u00e9n se refiri\u00f3 a lo que sucede con los precios de la parafina.<\/p>\n","protected":false},"author":1,"featured_media":4899,"comment_status":"closed","ping_status":"closed","sticky":false,"template":"","format":"standard","meta":{"footnotes":""},"categories":[3],"tags":[],"class_list":["post-4898","post","type-post","status-publish","format-standard","has-post-thumbnail","hentry","category-al-dia"],"_links":{"self":[{"href":"https:\/\/www.semanariolocal.cl\/index.php?rest_route=\/wp\/v2\/posts\/4898","targetHints":{"allow":["GET"]}}],"collection":[{"href":"https:\/\/www.semanariolocal.cl\/index.php?rest_route=\/wp\/v2\/posts"}],"about":[{"href":"https:\/\/www.semanariolocal.cl\/index.php?rest_route=\/wp\/v2\/types\/post"}],"author":[{"embeddable":true,"href":"https:\/\/www.semanariolocal.cl\/index.php?rest_route=\/wp\/v2\/users\/1"}],"replies":[{"embeddable":true,"href":"https:\/\/www.semanariolocal.cl\/index.php?rest_route=%2Fwp%2Fv2%2Fcomments&post=4898"}],"version-history":[{"count":1,"href":"https:\/\/www.semanariolocal.cl\/index.php?rest_route=\/wp\/v2\/posts\/4898\/revisions"}],"predecessor-version":[{"id":4900,"href":"https:\/\/www.semanariolocal.cl\/index.php?rest_route=\/wp\/v2\/posts\/4898\/revisions\/4900"}],"wp:featuredmedia":[{"embeddable":true,"href":"https:\/\/www.semanariolocal.cl\/index.php?rest_route=\/wp\/v2\/media\/4899"}],"wp:attachment":[{"href":"https:\/\/www.semanariolocal.cl\/index.php?rest_route=%2Fwp%2Fv2%2Fmedia&parent=4898"}],"wp:term":[{"taxonomy":"category","embeddable":true,"href":"https:\/\/www.semanariolocal.cl\/index.php?rest_route=%2Fwp%2Fv2%2Fcategories&post=4898"},{"taxonomy":"post_tag","embeddable":true,"href":"https:\/\/www.semanariolocal.cl\/index.php?rest_route=%2Fwp%2Fv2%2Ftags&post=4898"}],"curies":[{"name":"wp","href":"https:\/\/api.w.org\/{rel}","templated":true}]}}