{"id":4891,"date":"2022-03-22T23:18:01","date_gmt":"2022-03-23T02:18:01","guid":{"rendered":"https:\/\/www.semanariolocal.cl\/?p=4891"},"modified":"2022-03-22T23:18:01","modified_gmt":"2022-03-23T02:18:01","slug":"ministro-de-agricultura-prepara-agenda-por-crisis-hidrica-en-region-de-ohiggins","status":"publish","type":"post","link":"https:\/\/www.semanariolocal.cl\/?p=4891","title":{"rendered":"Ministro de Agricultura prepara agenda por crisis h\u00eddrica en Regi\u00f3n de O\u00b4Higgins"},"content":{"rendered":"\n<p>En el marco del \u00abD\u00eda Mundial del Agua\u00bb, el senador Socialista Juan Luis Castro, lleg\u00f3 hasta el despacho del Ministrom de Agricultura, Esteban Valenzuela, para afinar una agenda destinada a hacer frente a la grave crisis h\u00eddrica que vive la Sexta Regi\u00f3n.<br>Terminada la reuni\u00f3n, afirm\u00f3 que \u00abHoy, es el \u00abDia Muldial del Agua\u00bb y nuestra Regi\u00f3n de O\u00b4Higgins est\u00e1 en el medio del valle central y con una crisis h\u00eddrica que tambi\u00e9n la afecta, he venido a visitar al Ministro de Agricultura, Esteban Valenzuela, que como hombre de nuestra zona conoce mejor que nadie la forma de ayudar a resolver la escases de este vital elemento en nuestra regi\u00f3n\u00bb.<br>El legislador PS destac\u00f3 que \u00abel ministro Valenzuela resulta clave en las se\u00f1ales que se tiene que dar hacia la ciudadan\u00eda, hacia el campo y hacia la gente que est\u00e1 esperando desesperadamente soluciones en el mediano y corto plazo y un cambio cualitativo hacia el futuro, que les de la tranquilidad necesaria de contar con recursos h\u00eddricos\u00bb.<br>Por su parte, el ministro Valenzuela parti\u00f3 agradeciendo el gesto del senador Castro, de concurrir hasta su gabinete y buscar una soluci\u00f3n a los graves problemas que viven cientos de miles de personas en la Regi\u00f3n de O\u00b4Higgins, particularmente, la gente del campo, los agricultores.<br>\u00abAgradezco la claridad con la que el senador Castro me ha explicado los problemas de nuestra regi\u00f3n y la urgencia que tenemos de crear, como lo acordamos, un comit\u00e9, junto al Gobierno Regional y con los alcaldes. Pero por sobre todo, que el Ministerio de Obras P\u00fablicas, especialmente la Direcci\u00f3n de Obras Hidr\u00e1ulicas y la Direcci\u00f3n General de Aguas, trabajen con la Comisi\u00f3n Nacional de Riego, que depende del Ministerio de Agricultura\u00bb, dijo el Secretario de Estado<br>El Ministro Valenzuela, tambi\u00e9n destac\u00f3 que la idea es sumar en las tareas de la recuperaci\u00f3n h\u00eddrica al Indap, que cuenta con un programa mucho m\u00e1s s\u00f3lido, de apoyo en riego y sistemas de conservaci\u00f3n h\u00eddrica de la agricultura familiar campasina y as\u00ed trabajemos todos juntos\u00bb.<br>\u00abPor eso\u00bb, agreg\u00f3 el ministro de Agricultura, \u00abhago un llamado a todos los actgores: hay que hacer visible lo invisible, que se conozca la realidad de los acuiferos; que la Universidad O\u00a8Higgins, con acuerdos de todos los actores, junta de vigilancia, exportadores de frutas, los peque\u00f1os agricultores, los municpios y los APR sepamos la realidad de quenes dependen del agua y seamos m\u00e1s responsables entre todas y todos\u00bb, concluy\u00f3&nbsp;<\/p>\n","protected":false},"excerpt":{"rendered":"<p>El secretario de Estado se\u00f1al\u00f3 al t\u00e9rmino del encuentro: \u00abAgradezco la claridad con la que el senador Castro me ha explicado los problemas de nuestra regi\u00f3n y la urgencia que tenemos de crear, como lo acordamos, un comit\u00e9, junto al Gobierno Regional y con los alcaldes\u00bb<\/p>\n","protected":false},"author":1,"featured_media":4892,"comment_status":"closed","ping_status":"closed","sticky":false,"template":"","format":"standard","meta":{"footnotes":""},"categories":[20,3,6],"tags":[],"class_list":["post-4891","post","type-post","status-publish","format-standard","has-post-thumbnail","hentry","category-agro","category-al-dia","category-politica"],"_links":{"self":[{"href":"https:\/\/www.semanariolocal.cl\/index.php?rest_route=\/wp\/v2\/posts\/4891","targetHints":{"allow":["GET"]}}],"collection":[{"href":"https:\/\/www.semanariolocal.cl\/index.php?rest_route=\/wp\/v2\/posts"}],"about":[{"href":"https:\/\/www.semanariolocal.cl\/index.php?rest_route=\/wp\/v2\/types\/post"}],"author":[{"embeddable":true,"href":"https:\/\/www.semanariolocal.cl\/index.php?rest_route=\/wp\/v2\/users\/1"}],"replies":[{"embeddable":true,"href":"https:\/\/www.semanariolocal.cl\/index.php?rest_route=%2Fwp%2Fv2%2Fcomments&post=4891"}],"version-history":[{"count":1,"href":"https:\/\/www.semanariolocal.cl\/index.php?rest_route=\/wp\/v2\/posts\/4891\/revisions"}],"predecessor-version":[{"id":4893,"href":"https:\/\/www.semanariolocal.cl\/index.php?rest_route=\/wp\/v2\/posts\/4891\/revisions\/4893"}],"wp:featuredmedia":[{"embeddable":true,"href":"https:\/\/www.semanariolocal.cl\/index.php?rest_route=\/wp\/v2\/media\/4892"}],"wp:attachment":[{"href":"https:\/\/www.semanariolocal.cl\/index.php?rest_route=%2Fwp%2Fv2%2Fmedia&parent=4891"}],"wp:term":[{"taxonomy":"category","embeddable":true,"href":"https:\/\/www.semanariolocal.cl\/index.php?rest_route=%2Fwp%2Fv2%2Fcategories&post=4891"},{"taxonomy":"post_tag","embeddable":true,"href":"https:\/\/www.semanariolocal.cl\/index.php?rest_route=%2Fwp%2Fv2%2Ftags&post=4891"}],"curies":[{"name":"wp","href":"https:\/\/api.w.org\/{rel}","templated":true}]}}