{"id":4888,"date":"2022-03-22T19:09:00","date_gmt":"2022-03-22T22:09:00","guid":{"rendered":"https:\/\/www.semanariolocal.cl\/?p=4888"},"modified":"2022-03-22T19:09:49","modified_gmt":"2022-03-22T22:09:49","slug":"iris-lobos-ortega-asume-la-direccion-nacional-de-inia","status":"publish","type":"post","link":"https:\/\/www.semanariolocal.cl\/?p=4888","title":{"rendered":"Iris Lobos Ortega asume la Direcci\u00f3n Nacional de INIA"},"content":{"rendered":"\n<p>Esta semana el Gobierno del Presidente Gabriel Boric, a trav\u00e9s del Ministerio de Agricultura, anunci\u00f3 el nombre de la nueva Directora Nacional del Instituto de Investigaciones Agropecuarias (INIA), que por primera vez en su historia ser\u00e1 una mujer. Ella es Iris Lobos Ortega, Dra. en Alimentaci\u00f3n y Medio Ambiente, que se desempe\u00f1aba como investigadora del \u00c1rea Nacional de Alimentos del Futuro del instituto.<\/p>\n\n\n\n<p>Tras su nombramiento, la directora entrante expres\u00f3 estar \u201cmuy agradecida por la confianza depositada por el Ministro de Agricultura, Esteban Valenzuela, y el Presidente Gabriel Boric, quienes me han encomendado la tarea de dirigir a esta gran instituci\u00f3n. Es para m\u00ed un honor ser la primera mujer en la historia de INIA en asumir el desaf\u00edo de proseguir la visi\u00f3n de una organizaci\u00f3n l\u00edder en investigaci\u00f3n y desarrollo, innovaci\u00f3n, extensi\u00f3n y transferencia tecnol\u00f3gica, para el desarrollo agroalimentario sostenible a escala global. Anhelo aportar desde una perspectiva renovada e integradora, y avanzar en las importantes tareas que desempe\u00f1a nuestra instituci\u00f3n\u201d.<\/p>\n\n\n\n<p>Adem\u00e1s, manifest\u00f3 emprender \u201ccon entusiasmo y responsabilidad este hermoso desaf\u00edo, esperando contar con el apoyo y compromiso de los\/as trabajadores, para conformar un equipo de trabajo unificado, capaz de superar las metas que nos propongamos en beneficio de la agricultura nacional, con equidad y respeto, tanto por las personas como por el medio ambiente\u201d.<\/p>\n\n\n\n<p><strong>Trayectoria<\/strong><\/p>\n\n\n\n<p>Iris Lobos O. es Doctora en Alimentaci\u00f3n y Medio Ambiente de la Universidad de Salamanca, con amplia trayectoria liderando proyectos de investigaci\u00f3n orientados a la agregaci\u00f3n de valor y calidad nutricional, de las distintas matrices alimenticias producidas en el sur de Chile. Se desempe\u00f1aba como investigadora del \u00c1rea Nacional de Alimentos del Futuro en INIA Remehue (regi\u00f3n de Los Lagos), &nbsp;y como Encargada del Laboratorio de Espectroscopia NIRS.<\/p>\n\n\n\n<p>Desde el 2015 ejecutaba proyectos enfocados en el rescate y valorizaci\u00f3n de los recursos animales y vegetales, producidos y recolectados por la agricultura familiar campesina y comunidades ind\u00edgenas en la regi\u00f3n de Los Lagos.<\/p>\n","protected":false},"excerpt":{"rendered":"<p>Se trata de la primera mujer en ocupar el cargo en 58 a\u00f1os de historia del Instituto de Investigaciones Agropecuarias (INIA). Antes de su nombramiento se desempe\u00f1aba como investigadora y Encargada del Laboratorio de Espectroscopia NIRS, ubicado en INIA Remehue, en la regi\u00f3n de Los Lagos.<\/p>\n","protected":false},"author":1,"featured_media":4890,"comment_status":"closed","ping_status":"closed","sticky":false,"template":"","format":"standard","meta":{"footnotes":""},"categories":[3],"tags":[],"class_list":["post-4888","post","type-post","status-publish","format-standard","has-post-thumbnail","hentry","category-al-dia"],"_links":{"self":[{"href":"https:\/\/www.semanariolocal.cl\/index.php?rest_route=\/wp\/v2\/posts\/4888","targetHints":{"allow":["GET"]}}],"collection":[{"href":"https:\/\/www.semanariolocal.cl\/index.php?rest_route=\/wp\/v2\/posts"}],"about":[{"href":"https:\/\/www.semanariolocal.cl\/index.php?rest_route=\/wp\/v2\/types\/post"}],"author":[{"embeddable":true,"href":"https:\/\/www.semanariolocal.cl\/index.php?rest_route=\/wp\/v2\/users\/1"}],"replies":[{"embeddable":true,"href":"https:\/\/www.semanariolocal.cl\/index.php?rest_route=%2Fwp%2Fv2%2Fcomments&post=4888"}],"version-history":[{"count":1,"href":"https:\/\/www.semanariolocal.cl\/index.php?rest_route=\/wp\/v2\/posts\/4888\/revisions"}],"predecessor-version":[{"id":4889,"href":"https:\/\/www.semanariolocal.cl\/index.php?rest_route=\/wp\/v2\/posts\/4888\/revisions\/4889"}],"wp:featuredmedia":[{"embeddable":true,"href":"https:\/\/www.semanariolocal.cl\/index.php?rest_route=\/wp\/v2\/media\/4890"}],"wp:attachment":[{"href":"https:\/\/www.semanariolocal.cl\/index.php?rest_route=%2Fwp%2Fv2%2Fmedia&parent=4888"}],"wp:term":[{"taxonomy":"category","embeddable":true,"href":"https:\/\/www.semanariolocal.cl\/index.php?rest_route=%2Fwp%2Fv2%2Fcategories&post=4888"},{"taxonomy":"post_tag","embeddable":true,"href":"https:\/\/www.semanariolocal.cl\/index.php?rest_route=%2Fwp%2Fv2%2Ftags&post=4888"}],"curies":[{"name":"wp","href":"https:\/\/api.w.org\/{rel}","templated":true}]}}