{"id":4867,"date":"2022-03-21T20:49:23","date_gmt":"2022-03-21T23:49:23","guid":{"rendered":"https:\/\/www.semanariolocal.cl\/?p=4867"},"modified":"2022-03-21T20:49:23","modified_gmt":"2022-03-21T23:49:23","slug":"estudio-revela-altos-indices-de-acoso-sexual-en-establecimientos-educativos","status":"publish","type":"post","link":"https:\/\/www.semanariolocal.cl\/?p=4867","title":{"rendered":"Estudio revela altos \u00edndices de acoso sexual en  establecimientos educativos."},"content":{"rendered":"\n<p>El caso de escolares de Providencia v\u00edctimas de amenazas y acoso por parte de alumnos de un colegio de la misma comuna permiti\u00f3 visibilizar una problem\u00e1tica que seg\u00fan los expertos afecta hace a\u00f1os al sistema educacional y la necesidad de abordar de manera integral la educaci\u00f3n sexual de los ni\u00f1os y adolescentes.<\/p>\n\n\n\n<p>En 2020, el Instituto de Ciencias Sociales (ICSO) de la Universidad Estatal de O\u2019Higgins (UOH) realiz\u00f3 la Encuesta Regional Stop Acoso, que revel\u00f3 \u2013entre otros resultados- que&nbsp;el 42.2% de los y las encuestadas reconoci\u00f3 haber sido V\u00edctimas de Acoso Sexual en Establecimientos Educacionales. Adem\u00e1s, que en el 72% de los casos hecho se produjo durante la educaci\u00f3n media, seguidos de la educaci\u00f3n superior y la educaci\u00f3n b\u00e1sica, que bordearon el 40%.<\/p>\n\n\n\n<p>\u201cEstos resultados revelan una situaci\u00f3n especialmente grave, que se extiende durante todo el proceso educativo, cuando el contexto educacional debiera ser un espacio de absoluta seguridad para las mujeres que est\u00e1n en proceso de desarrollo y de formaci\u00f3n\u201d, afirm\u00f3 Roc\u00edo Angulo, investigadora y directora del ICSO.<\/p>\n\n\n\n<p>Otro dato relevante es que el 77.7% de los casos fueron ejercidos por compa\u00f1eros. \u201cEs un problema terrible al que podemos darle una lectura de oportunidad porque tenemos detectado el momento en el que empiezan las mujeres a ser v\u00edctimas de acoso sexual, y tambi\u00e9n, por lo general seg\u00fan los datos, los hombres empiezan a ejercer conductas de acoso sexual. Es muy duro pensar en un ni\u00f1o de 13 o 14 a\u00f1os como un acosador pero mirar hacia otro lado no nos va a ayudar. Estos ni\u00f1os probablemente est\u00e1n simplemente replicando los modelos sociales y culturales en los que se desarrollan, donde el acoso sexual parece darse de forma sistem\u00e1tica y sist\u00e9mica\u201d indic\u00f3 la Doctora en Psicolog\u00eda.<\/p>\n\n\n\n<p>Angulo manifest\u00f3 que \u201ctenemos que dejar de evitar esta realidad y entender que es en ese tiempo y contexto en el que intervenciones tempranas de Educaci\u00f3n Sexual Integral podr\u00edan ser sumamente efectivas para la erradicaci\u00f3n de este problema social que es el acoso sexual. No solo debemos prevenir el acoso sexual en el contexto educativo, sino que debemos ser capaces de utilizarlo para acabar con la normalizaci\u00f3n de este tipo de conductas\u201d.<\/p>\n\n\n\n<p>\u201cEs importante hacer \u00e9nfasis en que, a pesar de que muchas personas entienden que esto no es tan grave, y por eso no denuncian o no lo reconocen incluso como acoso sexual, esto tiene un impacto en las conductas de las personas ya que empiezan a evitar pasar por lugares donde les ha ocurrido, cambian su forma de vestir, su forma de actuar, etc\u00e9tera y eso nos dice que el acoso sexual no es ni mucho menos innocuo, aun cuando ni siquiera las personas constantemente lo etiqueten como tal. La normalizaci\u00f3n del acoso sexual supone una restricci\u00f3n importante a nuestra libertad de movimiento, relevante tambi\u00e9n en t\u00e9rminos de salud mental y bienestar psicosocial\u201d.<\/p>\n\n\n\n<p>En resumen, sostuvo la investigadora, \u201cel acoso sexual en contextos educacionales especialmente se produce en educaci\u00f3n media, aunque tambi\u00e9n se encuentra un porcentaje muy grande de acoso en b\u00e1sica y superior, y es especialmente producida por pares. En ese contexto, ser\u00eda ideal poder desarrollar pol\u00edticas p\u00fablicas en torno a la educaci\u00f3n sexual integral, que permita que el acoso sexual entre pares no aparezca en nuevas generaciones y no se normalice a lo largo del proceso de educaci\u00f3n y desarrollo, en tanto que la educaci\u00f3n libre es un derecho para todos y todas y entonces tienen que constituirse en espacios de absoluta seguridad para los ni\u00f1os y ni\u00f1as\u201d.<\/p>\n\n\n\n<p><strong>OTROS RESULTADOS DE LA ENCUESTA STOP ACOSO<\/strong><\/p>\n\n\n\n<p>La gran mayor\u00eda de las personas que respondieron la encuesta, entorno al 90.4%, reconocieron haber sido v\u00edctimas de acoso sexual alguna vez en su vida. La forma m\u00e1s frecuente de acoso sexual fue el acoso sexual callejero (80.9%), seguido del ciberacoso (43.9%), el acoso sexual en establecimientos educacionales (42.2%), en contextos familiares (36%), laborales (32.6%).<\/p>\n\n\n\n<p>Entre las conductas de acoso m\u00e1s frecuentemente reportadas en contextos educativos se encuentran otra vez los comentarios sobre el cuerpo, ropa, o aspecto de la v\u00edctima que llegan a causar incomodidad o miedo (50.7%), ser observada de forma insistente e inc\u00f3moda (43.7%), silbidos o sonidos dirigidos a la v\u00edctima capaces de incomodar a la persona (37.5%), y tocamientos o roces de partes del cuerpo no privadas (30.8%). El 29.3% de las encuestadas reporta adem\u00e1s haber recibido llamadas y\/o mensajes con insinuaciones, chistes, comentarios o fotograf\u00edas de contenido sexual sin su consentimiento. Como en los casos anteriores, las conductas de acoso fueron mayoritariamente ejercidas por un hombre (78.6%) o grupos de hombres en menor medida (10%), siendo \u00e9stos compa\u00f1eros en el 77.7% de los casos. En porcentajes sustancialmente menores, las encuestadas identificaron como acosadores a docentes, profesores o acad\u00e9micos (34.5%) o autoridades del establecimiento educativo (5.2%).<\/p>\n","protected":false},"excerpt":{"rendered":"<p>El Instituto de Ciencias Sociales (ICSO) de la Universidad Estatal de O\u2019Higgins (UOH) realiz\u00f3 en 2020 la encuesta Stop Acoso, donde participaron 844 personas.  \u201cEstos resultados revelan una situaci\u00f3n especialmente grave que se extiende durante todo el proceso educativo, desde la b\u00e1sica hasta la educaci\u00f3n superior. El contexto educacional debiera ser un espacio de absoluta seguridad para las mujeres que est\u00e1n en proceso de desarrollo y de formaci\u00f3n\u201d, afirm\u00f3 Roc\u00edo Angulo, investigadora y directora del ICSO.<\/p>\n","protected":false},"author":1,"featured_media":4868,"comment_status":"closed","ping_status":"closed","sticky":false,"template":"","format":"standard","meta":{"footnotes":""},"categories":[3],"tags":[],"class_list":["post-4867","post","type-post","status-publish","format-standard","has-post-thumbnail","hentry","category-al-dia"],"_links":{"self":[{"href":"https:\/\/www.semanariolocal.cl\/index.php?rest_route=\/wp\/v2\/posts\/4867","targetHints":{"allow":["GET"]}}],"collection":[{"href":"https:\/\/www.semanariolocal.cl\/index.php?rest_route=\/wp\/v2\/posts"}],"about":[{"href":"https:\/\/www.semanariolocal.cl\/index.php?rest_route=\/wp\/v2\/types\/post"}],"author":[{"embeddable":true,"href":"https:\/\/www.semanariolocal.cl\/index.php?rest_route=\/wp\/v2\/users\/1"}],"replies":[{"embeddable":true,"href":"https:\/\/www.semanariolocal.cl\/index.php?rest_route=%2Fwp%2Fv2%2Fcomments&post=4867"}],"version-history":[{"count":1,"href":"https:\/\/www.semanariolocal.cl\/index.php?rest_route=\/wp\/v2\/posts\/4867\/revisions"}],"predecessor-version":[{"id":4869,"href":"https:\/\/www.semanariolocal.cl\/index.php?rest_route=\/wp\/v2\/posts\/4867\/revisions\/4869"}],"wp:featuredmedia":[{"embeddable":true,"href":"https:\/\/www.semanariolocal.cl\/index.php?rest_route=\/wp\/v2\/media\/4868"}],"wp:attachment":[{"href":"https:\/\/www.semanariolocal.cl\/index.php?rest_route=%2Fwp%2Fv2%2Fmedia&parent=4867"}],"wp:term":[{"taxonomy":"category","embeddable":true,"href":"https:\/\/www.semanariolocal.cl\/index.php?rest_route=%2Fwp%2Fv2%2Fcategories&post=4867"},{"taxonomy":"post_tag","embeddable":true,"href":"https:\/\/www.semanariolocal.cl\/index.php?rest_route=%2Fwp%2Fv2%2Ftags&post=4867"}],"curies":[{"name":"wp","href":"https:\/\/api.w.org\/{rel}","templated":true}]}}