{"id":4792,"date":"2022-03-17T07:45:00","date_gmt":"2022-03-17T10:45:00","guid":{"rendered":"https:\/\/www.semanariolocal.cl\/?p=4792"},"modified":"2022-03-17T09:35:14","modified_gmt":"2022-03-17T12:35:14","slug":"diputados-de-oposicion-insistiran-en-rebaja-a-impuesto-especifico-de-los-combustibles","status":"publish","type":"post","link":"https:\/\/www.semanariolocal.cl\/?p=4792","title":{"rendered":"Diputados de oposici\u00f3n insistir\u00e1n en rebaja a impuesto espec\u00edfico\u00a0de los combustibles\u00a0"},"content":{"rendered":"\n<p>Tras el incierto escenario mundial que atraviesa el precio de los combustibles, las alzas constantes y el complejo escenario econ\u00f3mico de las familias chilenas, un grupo de parlamentarios de la UDI y RN presentar\u00e1n un proyecto de ley que busca disminuir transitoriamente el impuesto espec\u00edfico a los combustibles y el pasaje de transporte p\u00fablico.<\/p>\n\n\n\n<p>La iniciativa fue propuesta por&nbsp;el&nbsp;<strong>parlamentario independiente, \u00c1lvaro Carter; los RN, Camila Flores y Hugo Rey; m\u00e1s los UDI Christian Moreira, Joaquin Lav\u00edn y Juan Manuel Fuenzalida.<\/strong><\/p>\n\n\n\n<p>Al respecto, el parlamentario independiente, \u00c1lvaro Carter se\u00f1al\u00f3 que \u201clo que hizo el gobierno anterior fue solo un cambio cosm\u00e9tico, que sin duda fue insuficiente, y que solo fue posible, tras la presi\u00f3n medi\u00e1tica por el proyecto de rebaja que present\u00e9 el periodo pasado\u201d<\/p>\n\n\n\n<p>\u201cEsperemos que el gobierno del Presidente Boric, tenga una mayor empat\u00eda y haga un esfuerzo mucho mayor en esta materia, y as\u00ed poder ir en ayuda de la gran clase media, convengamos que en ning\u00fan caso se trata de incentivar el uso de combustibles f\u00f3siles, ni tampoco que la gente compr\u00e9 m\u00e1s combustible, es il\u00f3gico. El autom\u00f3vil, muchas personas lo ocupan por inseguridad producto de la pandemia, que&nbsp;aun&nbsp;no termina o como una herramienta de trabajo, no entender aquello, es estar completamente desconectado de Chile\u201d.<\/p>\n\n\n\n<p>Adem\u00e1s, se\u00f1al\u00f3 que \u201chemos visto en los \u00faltimos d\u00edas como Nueva Zelanda, que es de la naciones con mejores pol\u00edticas medio ambientales e impuestos verdes, decidi\u00f3 ante la incertidumbre de los mercados internacionales, simplemente disminuir este tributo que en nuestro pa\u00eds afecta directamente a todos los Chilenos, decir que solo en el barrio alto las familias tienen veh\u00edculo es simplemente no conocer la realidad de la gran clase media trabajadora\u201d, finaliz\u00f3.<\/p>\n\n\n\n<p>En la misma l\u00ednea, la Diputada de Renovaci\u00f3n Nacional, Camila Flores argument\u00f3 que \u201c estamos convencidos que las familias chilenas no pueden seguir pagando la cantidad de impuestos que se pagan en nuestro pa\u00eds, porque este gravamen fue creado de manera transitoria el a\u00f1o 1985.Por lo tanto, no queremos permitir que algo transitorio siga como una medida permanente. Necesitamos mecanismos de ayuda, sobre todo para la clase media y las familias m\u00e1s vulnerables, que tienen veh\u00edculos, pero no por una cuesti\u00f3n de lujo, sino porque lo necesitan\u201d, concluy\u00f3.<\/p>\n","protected":false},"excerpt":{"rendered":"<p>El proyecto busca a trav\u00e9s de reforma constitucional, establecer una nueva disposici\u00f3n transitoria, y as\u00ed rebajar en un 50% el impuesto espec\u00edfico a los combustibles y del pasaje en el transporte p\u00fablico, por un periodo de 3 meses renovable.<\/p>\n","protected":false},"author":1,"featured_media":4793,"comment_status":"closed","ping_status":"closed","sticky":false,"template":"","format":"standard","meta":{"footnotes":""},"categories":[3,6],"tags":[],"class_list":["post-4792","post","type-post","status-publish","format-standard","has-post-thumbnail","hentry","category-al-dia","category-politica"],"_links":{"self":[{"href":"https:\/\/www.semanariolocal.cl\/index.php?rest_route=\/wp\/v2\/posts\/4792","targetHints":{"allow":["GET"]}}],"collection":[{"href":"https:\/\/www.semanariolocal.cl\/index.php?rest_route=\/wp\/v2\/posts"}],"about":[{"href":"https:\/\/www.semanariolocal.cl\/index.php?rest_route=\/wp\/v2\/types\/post"}],"author":[{"embeddable":true,"href":"https:\/\/www.semanariolocal.cl\/index.php?rest_route=\/wp\/v2\/users\/1"}],"replies":[{"embeddable":true,"href":"https:\/\/www.semanariolocal.cl\/index.php?rest_route=%2Fwp%2Fv2%2Fcomments&post=4792"}],"version-history":[{"count":1,"href":"https:\/\/www.semanariolocal.cl\/index.php?rest_route=\/wp\/v2\/posts\/4792\/revisions"}],"predecessor-version":[{"id":4794,"href":"https:\/\/www.semanariolocal.cl\/index.php?rest_route=\/wp\/v2\/posts\/4792\/revisions\/4794"}],"wp:featuredmedia":[{"embeddable":true,"href":"https:\/\/www.semanariolocal.cl\/index.php?rest_route=\/wp\/v2\/media\/4793"}],"wp:attachment":[{"href":"https:\/\/www.semanariolocal.cl\/index.php?rest_route=%2Fwp%2Fv2%2Fmedia&parent=4792"}],"wp:term":[{"taxonomy":"category","embeddable":true,"href":"https:\/\/www.semanariolocal.cl\/index.php?rest_route=%2Fwp%2Fv2%2Fcategories&post=4792"},{"taxonomy":"post_tag","embeddable":true,"href":"https:\/\/www.semanariolocal.cl\/index.php?rest_route=%2Fwp%2Fv2%2Ftags&post=4792"}],"curies":[{"name":"wp","href":"https:\/\/api.w.org\/{rel}","templated":true}]}}