{"id":4786,"date":"2022-03-17T07:45:00","date_gmt":"2022-03-17T10:45:00","guid":{"rendered":"https:\/\/www.semanariolocal.cl\/?p=4786"},"modified":"2022-03-17T09:24:39","modified_gmt":"2022-03-17T12:24:39","slug":"senador-moreira-cuestiono-la-tardanza-en-la-designacion-de-seremis-y-autoridades-locales","status":"publish","type":"post","link":"https:\/\/www.semanariolocal.cl\/?p=4786","title":{"rendered":"Senador Moreira cuestion\u00f3 la tardanza en la designaci\u00f3n de Seremis y autoridades locales"},"content":{"rendered":"\n<p>El parlamentario por la regi\u00f3n de Los Lagos pidi\u00f3 apurar la designaci\u00f3n de las nuevas autoridades en la regi\u00f3n de Los Lagos.<\/p>\n\n\n\n<p>El congresista asegur\u00f3 que habitualmente este tipo de nombramiento se realizan antes de que un nuevo gobierno asuma, pero en este caso solo fueron designados la delegada regional y los provinciales, quedando pendiente el caso de los secretarios regionales ministeriales y otras autoridades que dependen del nivel central.<\/p>\n\n\n\n<p>Moreira, junto con criticar la tardanza en la designaci\u00f3n, expuso que la importancia para el aparataje del servicio publico el nombramiento de autoridades y dijo que hoy se ve ac\u00e9fala el mando de las entidades gubernamentales.<\/p>\n\n\n\n<p><em>\u00bfPor qu\u00e9 aun no se han nombrado los Seremis?, esa es la pregunta que nos hacemos todos los d\u00edas. \u00bfFaltan de personas id\u00f3neas o simplemente no se colocan de acuerdo? Como sea, es urgente que el nuevo gobierno los nombre a la brevedad. Las distintas secretarias regionales necesitan que las nuevas autoridades tomen mando y contin\u00faen con las pol\u00edticas de Estado que vienen de administraciones anteriores. As\u00ed como en el gobierno pasado se cuestionaba, con raz\u00f3n, la tardanza en la designaci\u00f3n de algunos cargos, hoy pedimos la misma celeridad. Se ha dicho que algunos seremis ser\u00e1n nombrados estos d\u00edas, pero la ciudadan\u00eda necesita que al menos un porcentaje importante se designe cuanto antes. En temas como vivienda, salud, obras publicas, econom\u00eda, agricultura y desarrollo social es vital que llegue una persona que asuma la responsabilidad de conducir los destinos de nuestra regi\u00f3n en \u00e1reas que son fundamentales para la ciudadan\u00eda. Por lo general, los nombres se conocen antes de que un nuevo gobierno asuma, por lo que es preocupante que a m\u00e1s de 5 d\u00edas de asumir esta administraci\u00f3n no haya noticias de quienes ocupar\u00e1n dichos cargos. Hoy d\u00eda vemos ac\u00e9fala la administraci\u00f3n publica en temas que son tan importantes para la ciudadan\u00eda.<\/em><\/p>\n\n\n\n<p>El legislador UDI hizo un llamado al nivel central a dar celeridad en los nombramientos, asegurando que las autoridades con confianza pol\u00edtica son fundamentales para que las instituciones del Estado puedan funcionar.<\/p>\n","protected":false},"excerpt":{"rendered":"<p>A m\u00e1s de 5 d\u00edas de asumir la nueva administraci\u00f3n, aun no se conocen quienes ser\u00e1n los secretarios regionales ministeriales. <\/p>\n","protected":false},"author":1,"featured_media":4787,"comment_status":"closed","ping_status":"closed","sticky":false,"template":"","format":"standard","meta":{"footnotes":""},"categories":[3],"tags":[],"class_list":["post-4786","post","type-post","status-publish","format-standard","has-post-thumbnail","hentry","category-al-dia"],"_links":{"self":[{"href":"https:\/\/www.semanariolocal.cl\/index.php?rest_route=\/wp\/v2\/posts\/4786","targetHints":{"allow":["GET"]}}],"collection":[{"href":"https:\/\/www.semanariolocal.cl\/index.php?rest_route=\/wp\/v2\/posts"}],"about":[{"href":"https:\/\/www.semanariolocal.cl\/index.php?rest_route=\/wp\/v2\/types\/post"}],"author":[{"embeddable":true,"href":"https:\/\/www.semanariolocal.cl\/index.php?rest_route=\/wp\/v2\/users\/1"}],"replies":[{"embeddable":true,"href":"https:\/\/www.semanariolocal.cl\/index.php?rest_route=%2Fwp%2Fv2%2Fcomments&post=4786"}],"version-history":[{"count":1,"href":"https:\/\/www.semanariolocal.cl\/index.php?rest_route=\/wp\/v2\/posts\/4786\/revisions"}],"predecessor-version":[{"id":4788,"href":"https:\/\/www.semanariolocal.cl\/index.php?rest_route=\/wp\/v2\/posts\/4786\/revisions\/4788"}],"wp:featuredmedia":[{"embeddable":true,"href":"https:\/\/www.semanariolocal.cl\/index.php?rest_route=\/wp\/v2\/media\/4787"}],"wp:attachment":[{"href":"https:\/\/www.semanariolocal.cl\/index.php?rest_route=%2Fwp%2Fv2%2Fmedia&parent=4786"}],"wp:term":[{"taxonomy":"category","embeddable":true,"href":"https:\/\/www.semanariolocal.cl\/index.php?rest_route=%2Fwp%2Fv2%2Fcategories&post=4786"},{"taxonomy":"post_tag","embeddable":true,"href":"https:\/\/www.semanariolocal.cl\/index.php?rest_route=%2Fwp%2Fv2%2Ftags&post=4786"}],"curies":[{"name":"wp","href":"https:\/\/api.w.org\/{rel}","templated":true}]}}