{"id":4779,"date":"2022-03-17T07:35:00","date_gmt":"2022-03-17T10:35:00","guid":{"rendered":"https:\/\/www.semanariolocal.cl\/?p=4779"},"modified":"2022-03-16T22:35:01","modified_gmt":"2022-03-17T01:35:01","slug":"presidente-de-rn-con-el-terrorismo-no-se-negocia","status":"publish","type":"post","link":"https:\/\/www.semanariolocal.cl\/?p=4779","title":{"rendered":"Presidente de RN: \u00abcon el terrorismo no se negocia\u00bb"},"content":{"rendered":"\n<p>El presidente de Renovaci\u00f3n Nacional, Francisco Chahu\u00e1n, conden\u00f3 los hechos registrados esta ma\u00f1ana en Temucuicui en que se efectuaron disparos y que llevaron a suspender la visita de la comitiva encabezada por la Ministra del Interior y Seguridad, Izkia Siches, a dicha zona.<\/p>\n\n\n\n<p>El senador Chahu\u00e1n afirm\u00f3 que&nbsp;<strong>\u00abcondenamos el ataque sufrido por la comitiva ministerial en la regi\u00f3n de La Araucan\u00eda. Ciertamente no hay peor ciego que el que no quiere ver. Creemos, sin lugar a dudas, que el hecho de que los ministros percibieran el clima habitual que viven los vecinos de La Araucan\u00eda va a contribuir a que se recapacite respecto a la extensi\u00f3n del Estado de Excepci\u00f3n Constitucional\u00bb<\/strong>.<\/p>\n\n\n\n<p>En esa l\u00ednea, el presidente de RN fue enf\u00e1tico en aseverar que \u00ab<strong>con el terrorismo no se negocia. Es absolutamente necesario poder avanzar en un acuerdo transversal de todas las fuerzas democr\u00e1ticas para implementar las medidas que da el Estado de Derecho para asegurar los derechos de cada uno de los ciudadanos de La Araucan\u00eda\u00bb<\/strong>.<\/p>\n\n\n\n<p>Asimismo, hizo el siguiente llamado:&nbsp;<strong>\u00abMinistra, no se puede tener una escucha selectiva en la Macrozona Sur. Los vecinos de La Araucan\u00eda ya se pronunciaron, quieren mantener el Estado de Excepci\u00f3n Constitucional y esto tiene que estar complementado con otras medidas para resolver los temas de fondo, pero ciertamente no hay peor ciego que el que no quiere ver. Se requiere avanzar para generar paz social en La Araucan\u00eda<\/strong>\u00ab.<\/p>\n","protected":false},"excerpt":{"rendered":"<p>El presidente de Renovaci\u00f3n Nacional, Francisco Chahu\u00e1n, conden\u00f3 los hechos registrados esta ma\u00f1ana en Temucuicui en que se efectuaron disparos y que llevaron a suspender la visita de la comitiva encabezada por la Ministra del Interior y Seguridad, Izkia Siches, a dicha zona. El senador Chahu\u00e1n afirm\u00f3 que&nbsp;\u00abcondenamos el ataque sufrido por la comitiva ministerial&#8230;<a class=\"btnReadMore\" href=\"https:\/\/www.semanariolocal.cl\/?p=4779\"> Leer M\u00e1s<\/a><\/p>\n","protected":false},"author":1,"featured_media":4780,"comment_status":"closed","ping_status":"closed","sticky":false,"template":"","format":"standard","meta":{"footnotes":""},"categories":[3,6],"tags":[],"class_list":["post-4779","post","type-post","status-publish","format-standard","has-post-thumbnail","hentry","category-al-dia","category-politica"],"_links":{"self":[{"href":"https:\/\/www.semanariolocal.cl\/index.php?rest_route=\/wp\/v2\/posts\/4779","targetHints":{"allow":["GET"]}}],"collection":[{"href":"https:\/\/www.semanariolocal.cl\/index.php?rest_route=\/wp\/v2\/posts"}],"about":[{"href":"https:\/\/www.semanariolocal.cl\/index.php?rest_route=\/wp\/v2\/types\/post"}],"author":[{"embeddable":true,"href":"https:\/\/www.semanariolocal.cl\/index.php?rest_route=\/wp\/v2\/users\/1"}],"replies":[{"embeddable":true,"href":"https:\/\/www.semanariolocal.cl\/index.php?rest_route=%2Fwp%2Fv2%2Fcomments&post=4779"}],"version-history":[{"count":1,"href":"https:\/\/www.semanariolocal.cl\/index.php?rest_route=\/wp\/v2\/posts\/4779\/revisions"}],"predecessor-version":[{"id":4781,"href":"https:\/\/www.semanariolocal.cl\/index.php?rest_route=\/wp\/v2\/posts\/4779\/revisions\/4781"}],"wp:featuredmedia":[{"embeddable":true,"href":"https:\/\/www.semanariolocal.cl\/index.php?rest_route=\/wp\/v2\/media\/4780"}],"wp:attachment":[{"href":"https:\/\/www.semanariolocal.cl\/index.php?rest_route=%2Fwp%2Fv2%2Fmedia&parent=4779"}],"wp:term":[{"taxonomy":"category","embeddable":true,"href":"https:\/\/www.semanariolocal.cl\/index.php?rest_route=%2Fwp%2Fv2%2Fcategories&post=4779"},{"taxonomy":"post_tag","embeddable":true,"href":"https:\/\/www.semanariolocal.cl\/index.php?rest_route=%2Fwp%2Fv2%2Ftags&post=4779"}],"curies":[{"name":"wp","href":"https:\/\/api.w.org\/{rel}","templated":true}]}}