{"id":4773,"date":"2022-03-15T10:34:00","date_gmt":"2022-03-15T13:34:00","guid":{"rendered":"https:\/\/www.semanariolocal.cl\/?p=4773"},"modified":"2022-03-16T12:40:21","modified_gmt":"2022-03-16T15:40:21","slug":"el-lenguaje-re-crea-realidad","status":"publish","type":"post","link":"https:\/\/www.semanariolocal.cl\/?p=4773","title":{"rendered":"El lenguaje (re) crea realidad"},"content":{"rendered":"\n<p>En conversaciones p\u00fablicas y con amigos, el uso del art\u00edculo \u00ables\u00bb, por ejemplo \u00ables amigos presentes\u00bb causa escozor en algunos y m\u00e1xima aprobaci\u00f3n en otros, es como si la palabra tomara vida. A pesar de todo, poco a poco con mayor o menor reticencia, se ha ido instalando el uso de este art\u00edculo gramatical en el ideario de los chilenos, chilenas y \u201cchilenes\u201d.<\/p>\n\n\n\n<p>La idea del lenguaje como instrumento de programaci\u00f3n mental o como gran art\u00edfice de campa\u00f1as y propaganda pol\u00edtica, est\u00e1 tremendamente estudiada desde tiempos de Goebbels\u200b\u200b, Lenin y otros. Las palabras penetran en el cerebro y cambian las percepciones de la realidad y de la relaci\u00f3n interpersonal que tenemos con otros. O si no, pregunten a los que desafortunadamente impregnan de ideolog\u00eda nacionalista sus discursos, para obtener superioridad geopol\u00edtica. \u00ab<em>Al oso siempre tratar\u00e1n de ponerle una cadena y, cuando le encadenen, le arrancar\u00e1n los dientes y las garras<\/em>\u201d, fue la frase de oro de Vladimir Putin, para ilustrar la relaci\u00f3n con Occidente y como \u2013a su juicio -tratan de doblegar a Rusia.<\/p>\n\n\n\n<p>Y es que las met\u00e1foras, los paralelos y las comparaciones no son en balad\u00ed, tienen un principio, un fin y\u2026 consecuencias. Ya antes de asumir, el flamante Presidente Gabriel Boric alud\u00eda a un \u201c<em>gobierno feminista<\/em>\u201d, poniendo un sello que necesariamente impregnar\u00e1 sus pol\u00edticas p\u00fablicas y la forma en que manejar\u00e1 el poder y c\u00f3mo ser\u00e1 evaluado. Es una apuesta muy interesante, ya que en el fondo dice; \u201ccon una forma de poder horizontal, se evita la irracionalidad patriarcal\u201d, Chile y el mundo entero est\u00e1 expectante.<\/p>\n\n\n\n<p>Es evidente que la modernidad trae consigo cada vez m\u00e1s r\u00e1pido, cambios socioculturales y eso se traduce en transformaciones ling\u00fc\u00edsticas que deben adoptarse y asimilarse, para amasar alma y cerebro en pos de un futuro m\u00e1s pac\u00edfico y pr\u00f3spero para todos, todas y todes. YES WE CAN. C\u00f3mo dijo Obama en su campa\u00f1a presidencial.<\/p>\n\n\n\n<p><strong>Carlos Schneider Y\u00e1\u00f1ez<\/strong><\/p>\n\n\n\n<p><strong>Odont\u00f3logo y Mag\u00edster en Gesti\u00f3n en Salud<\/strong><\/p>\n\n\n\n<p><strong>Universidad de Chile<\/strong><\/p>\n\n\n\n<p><strong>M.B.A Tulane University (USA)<\/strong><\/p>\n","protected":false},"excerpt":{"rendered":"<p>En conversaciones p\u00fablicas y con amigos, el uso del art\u00edculo \u00ables\u00bb, por ejemplo \u00ables amigos presentes\u00bb causa escozor en algunos y m\u00e1xima aprobaci\u00f3n en otros, es como si la palabra tomara vida. A pesar de todo, poco a poco con mayor o menor reticencia, se ha ido instalando el uso de este art\u00edculo gramatical en&#8230;<a class=\"btnReadMore\" href=\"https:\/\/www.semanariolocal.cl\/?p=4773\"> Leer M\u00e1s<\/a><\/p>\n","protected":false},"author":1,"featured_media":4774,"comment_status":"closed","ping_status":"closed","sticky":false,"template":"","format":"standard","meta":{"footnotes":""},"categories":[3],"tags":[],"class_list":["post-4773","post","type-post","status-publish","format-standard","has-post-thumbnail","hentry","category-al-dia"],"_links":{"self":[{"href":"https:\/\/www.semanariolocal.cl\/index.php?rest_route=\/wp\/v2\/posts\/4773","targetHints":{"allow":["GET"]}}],"collection":[{"href":"https:\/\/www.semanariolocal.cl\/index.php?rest_route=\/wp\/v2\/posts"}],"about":[{"href":"https:\/\/www.semanariolocal.cl\/index.php?rest_route=\/wp\/v2\/types\/post"}],"author":[{"embeddable":true,"href":"https:\/\/www.semanariolocal.cl\/index.php?rest_route=\/wp\/v2\/users\/1"}],"replies":[{"embeddable":true,"href":"https:\/\/www.semanariolocal.cl\/index.php?rest_route=%2Fwp%2Fv2%2Fcomments&post=4773"}],"version-history":[{"count":1,"href":"https:\/\/www.semanariolocal.cl\/index.php?rest_route=\/wp\/v2\/posts\/4773\/revisions"}],"predecessor-version":[{"id":4775,"href":"https:\/\/www.semanariolocal.cl\/index.php?rest_route=\/wp\/v2\/posts\/4773\/revisions\/4775"}],"wp:featuredmedia":[{"embeddable":true,"href":"https:\/\/www.semanariolocal.cl\/index.php?rest_route=\/wp\/v2\/media\/4774"}],"wp:attachment":[{"href":"https:\/\/www.semanariolocal.cl\/index.php?rest_route=%2Fwp%2Fv2%2Fmedia&parent=4773"}],"wp:term":[{"taxonomy":"category","embeddable":true,"href":"https:\/\/www.semanariolocal.cl\/index.php?rest_route=%2Fwp%2Fv2%2Fcategories&post=4773"},{"taxonomy":"post_tag","embeddable":true,"href":"https:\/\/www.semanariolocal.cl\/index.php?rest_route=%2Fwp%2Fv2%2Ftags&post=4773"}],"curies":[{"name":"wp","href":"https:\/\/api.w.org\/{rel}","templated":true}]}}