{"id":4767,"date":"2022-03-15T07:50:00","date_gmt":"2022-03-15T10:50:00","guid":{"rendered":"https:\/\/www.semanariolocal.cl\/?p=4767"},"modified":"2022-03-16T11:53:33","modified_gmt":"2022-03-16T14:53:33","slug":"actores-publico-privados-se-reunen-en-puerto-montt-por-desarrollo-de-6-comunas-de-la-region","status":"publish","type":"post","link":"https:\/\/www.semanariolocal.cl\/?p=4767","title":{"rendered":"Actores p\u00fablico-privados se re\u00fanen en Puerto Montt por desarrollo de 6 comunas de la regi\u00f3n"},"content":{"rendered":"\n<p>Con la presencia del Gobernador Regional de Los Lagos Patricio Vallesp\u00edn, alcaldes y representantes de seis comunas de Chilo\u00e9 y empresas del sector privado, se realiz\u00f3 la primera sesi\u00f3n de la Mesa de Convergencia por el Desarrollo de Zonas Rezagadas de Los Lagos, iniciativa liderada por el Gore de Los Lagos y la Fundaci\u00f3n Huella Local. La alianza tiene como objetivo impulsar el desarrollo de proyectos de infraestructura y equipamiento de alto impacto social.<\/p>\n\n\n\n<p>La instancia se llev\u00f3 a cabo en la sede de la Universidad San Sebasti\u00e1n de Puerto Montt donde asistieron representantes de empresas como Jet SMART, Salmones Ays\u00e9n, Fiordo Austral, Cermaq, Salmones Austral, Marine Farm, Aqua Chile, Camanchaca y Yadran. El encuentro tambi\u00e9n cont\u00f3 con la presencia de la Gobernaci\u00f3n Regional de Los Lagos, consejeros regionales y representantes de seis municipios -Quemchi, Quinchao, Queilen, Puqueld\u00f3n, Quell\u00f3n y Calbuco-, adem\u00e1s de representantes de la Fundaci\u00f3n Huella Local.<\/p>\n\n\n\n<p>Sobre la reuni\u00f3n, Patricio Vallesp\u00edn, Gobernador Regional de Los Lagos, dijo que: \u201cMuchas de las empresas ya tomaron la decisi\u00f3n de colaborar o la tomar\u00e1n en los pr\u00f3ximos d\u00edas para aproximarnos a los montos que necesitamos. Esto tiene una mirada bastante constructiva y que tiene que ver con que den lo mejor de s\u00ed para sacar adelante estas iniciativas\u201d.<\/p>\n\n\n\n<p>El objetivo del primer a\u00f1o de la mesa es desarrollar dos proyectos por comuna -es decir, 12 proyectos \u2013 que contemplan conservaci\u00f3n de caminos, postes de energ\u00eda fotovoltaica e informes preliminares de agua potable rural. El objetivo en cuatro a\u00f1os es impulsar un total de 32 proyectos en las seis comunas mencionadas.<\/p>\n\n\n\n<p>Esta iniciativa comenz\u00f3 en 2021 con el Plan de desarrollo para zonas de rezago en materia social, aprobado por el Consejo Regional de Los Lagos. En noviembre, Fundaci\u00f3n Huella Local le present\u00f3 al sector privado una cartera de proyectos de infraestructura que responden a las necesidades de los municipios y las comunidades de estas seis comunas.<\/p>\n\n\n\n<p>Por su parte Gonzalo Vial, Director Ejecutivo de Fundaci\u00f3n Huella Local recalc\u00f3 la importancia de la justicia territorial especialmente en las zonas rezagadas: \u201cNos hace mucho sentido invertir en territorios como \u00e9ste, que est\u00e1n caracterizados como prioritarios por tener una mayor inequidad debido a la poca capacidad t\u00e9cnica de los municipios y la falta de iniciativas para que el Estado para invertir\u201d.<\/p>\n\n\n\n<p>El encuentro da paso a la siguiente etapa del proyecto, que es el desarrollo de los proyectos de infraestructura en \u00e1reas como conservaci\u00f3n de caminos e informes preliminares de agua potable rural, y con la alianza a mediano plazo ir aportando con infraestructura y equipamiento en las distintas \u00e1reas que se necesitan.<\/p>\n","protected":false},"excerpt":{"rendered":"<p>En una mesa de convergencia se reunieron representantes del sector p\u00fablico y privado de la regi\u00f3n de Los Lagos, para desarrollar doce proyectos de infraestructura b\u00e1sica de mantenimiento de caminos y agua potable rural en 6 comunas de Chilo\u00e9 &#8211; Quemchi, Quinchao, Queilen, Puqueld\u00f3n, Quell\u00f3n- y Calbuco. <\/p>\n","protected":false},"author":1,"featured_media":4768,"comment_status":"closed","ping_status":"closed","sticky":false,"template":"","format":"standard","meta":{"footnotes":""},"categories":[3,12,9],"tags":[],"class_list":["post-4767","post","type-post","status-publish","format-standard","has-post-thumbnail","hentry","category-al-dia","category-economia","category-gobierno"],"_links":{"self":[{"href":"https:\/\/www.semanariolocal.cl\/index.php?rest_route=\/wp\/v2\/posts\/4767","targetHints":{"allow":["GET"]}}],"collection":[{"href":"https:\/\/www.semanariolocal.cl\/index.php?rest_route=\/wp\/v2\/posts"}],"about":[{"href":"https:\/\/www.semanariolocal.cl\/index.php?rest_route=\/wp\/v2\/types\/post"}],"author":[{"embeddable":true,"href":"https:\/\/www.semanariolocal.cl\/index.php?rest_route=\/wp\/v2\/users\/1"}],"replies":[{"embeddable":true,"href":"https:\/\/www.semanariolocal.cl\/index.php?rest_route=%2Fwp%2Fv2%2Fcomments&post=4767"}],"version-history":[{"count":1,"href":"https:\/\/www.semanariolocal.cl\/index.php?rest_route=\/wp\/v2\/posts\/4767\/revisions"}],"predecessor-version":[{"id":4769,"href":"https:\/\/www.semanariolocal.cl\/index.php?rest_route=\/wp\/v2\/posts\/4767\/revisions\/4769"}],"wp:featuredmedia":[{"embeddable":true,"href":"https:\/\/www.semanariolocal.cl\/index.php?rest_route=\/wp\/v2\/media\/4768"}],"wp:attachment":[{"href":"https:\/\/www.semanariolocal.cl\/index.php?rest_route=%2Fwp%2Fv2%2Fmedia&parent=4767"}],"wp:term":[{"taxonomy":"category","embeddable":true,"href":"https:\/\/www.semanariolocal.cl\/index.php?rest_route=%2Fwp%2Fv2%2Fcategories&post=4767"},{"taxonomy":"post_tag","embeddable":true,"href":"https:\/\/www.semanariolocal.cl\/index.php?rest_route=%2Fwp%2Fv2%2Ftags&post=4767"}],"curies":[{"name":"wp","href":"https:\/\/api.w.org\/{rel}","templated":true}]}}