{"id":4761,"date":"2022-03-16T11:30:58","date_gmt":"2022-03-16T14:30:58","guid":{"rendered":"https:\/\/www.semanariolocal.cl\/?p=4761"},"modified":"2022-03-16T11:30:58","modified_gmt":"2022-03-16T14:30:58","slug":"presidente-de-los-camioneros-lo-ocurrido-en-la-araucania-es-una-mala-senal-de-lo-que-viene","status":"publish","type":"post","link":"https:\/\/www.semanariolocal.cl\/?p=4761","title":{"rendered":"Presidente de los camioneros : \u00abLo ocurrido en la Araucan\u00eda es una mala se\u00f1al de lo que viene\u00bb"},"content":{"rendered":"\n<p>El presidente de Fedesur, la Federaci\u00f3n de Camioneros del Sur, que dirige a los empresarios del rubro, desde Concepci\u00f3n al Sur, Carlos Bretti, lament\u00f3 los hechos ocurridos la jornada de este martes a la ministra del interior Izkia Siches y su comitiva, cuando se dirig\u00edan al sector Temucuicui, en la regi\u00f3n de la Araucan\u00eda y presagi\u00f3 que lo que viene no es bueno.<\/p>\n\n\n\n<p>El l\u00edder de los camioneros, manifest\u00f3 que \u201ccuando hay balazos eso puede terminar en graves consecuencias. Ese amedrentamiento es una se\u00f1al que ning\u00fan gobierno ha podido resolver o avanzar en esta situaci\u00f3n\u201d.<\/p>\n\n\n\n<p>Bretti adem\u00e1s agreg\u00f3 sobre el tema \u201csi a la segunda autoridad m\u00e1s importante de este pa\u00eds le sucede este atentado, qu\u00e9 nos queda a nosotros los camioneros, que somos unos simples ciudadanos que circulamos, entre comillas libremente por ah\u00ed. Yo creo que esta es una p\u00e9sima se\u00f1al de lo que se nos viene\u201d.<\/p>\n\n\n\n<p>En cuanto al estado excepci\u00f3n constitucional que a\u00fan rige en la Araucan\u00eda, Bretti dijo que ser\u00eda un error eliminar dicho instrumento, m\u00e1s a\u00fan, considerando el episodio que se vivi\u00f3 con la ministra y su equipo.&nbsp; \u201cfrente a estos hechos reci\u00e9n ocurridos, qu\u00e9 otra opci\u00f3n nos puede quedar. Evidentemente que eso nos da cierta tranquilidad que siga el estado de excepci\u00f3n que se est\u00e1 aplicando en la zona de la Araucan\u00eda\u201d. Apunt\u00f3 el presidente de los camioneros.<\/p>\n","protected":false},"excerpt":{"rendered":"<p>El personero junto con lamentar los hechos solidariz\u00f3 con la ministra del interior y dijo que ser\u00eda un error terminar con el estado de excepci\u00f3n.  <\/p>\n","protected":false},"author":1,"featured_media":4762,"comment_status":"closed","ping_status":"closed","sticky":false,"template":"","format":"standard","meta":{"footnotes":""},"categories":[3],"tags":[],"class_list":["post-4761","post","type-post","status-publish","format-standard","has-post-thumbnail","hentry","category-al-dia"],"_links":{"self":[{"href":"https:\/\/www.semanariolocal.cl\/index.php?rest_route=\/wp\/v2\/posts\/4761","targetHints":{"allow":["GET"]}}],"collection":[{"href":"https:\/\/www.semanariolocal.cl\/index.php?rest_route=\/wp\/v2\/posts"}],"about":[{"href":"https:\/\/www.semanariolocal.cl\/index.php?rest_route=\/wp\/v2\/types\/post"}],"author":[{"embeddable":true,"href":"https:\/\/www.semanariolocal.cl\/index.php?rest_route=\/wp\/v2\/users\/1"}],"replies":[{"embeddable":true,"href":"https:\/\/www.semanariolocal.cl\/index.php?rest_route=%2Fwp%2Fv2%2Fcomments&post=4761"}],"version-history":[{"count":1,"href":"https:\/\/www.semanariolocal.cl\/index.php?rest_route=\/wp\/v2\/posts\/4761\/revisions"}],"predecessor-version":[{"id":4763,"href":"https:\/\/www.semanariolocal.cl\/index.php?rest_route=\/wp\/v2\/posts\/4761\/revisions\/4763"}],"wp:featuredmedia":[{"embeddable":true,"href":"https:\/\/www.semanariolocal.cl\/index.php?rest_route=\/wp\/v2\/media\/4762"}],"wp:attachment":[{"href":"https:\/\/www.semanariolocal.cl\/index.php?rest_route=%2Fwp%2Fv2%2Fmedia&parent=4761"}],"wp:term":[{"taxonomy":"category","embeddable":true,"href":"https:\/\/www.semanariolocal.cl\/index.php?rest_route=%2Fwp%2Fv2%2Fcategories&post=4761"},{"taxonomy":"post_tag","embeddable":true,"href":"https:\/\/www.semanariolocal.cl\/index.php?rest_route=%2Fwp%2Fv2%2Ftags&post=4761"}],"curies":[{"name":"wp","href":"https:\/\/api.w.org\/{rel}","templated":true}]}}