{"id":4749,"date":"2022-03-16T10:24:56","date_gmt":"2022-03-16T13:24:56","guid":{"rendered":"https:\/\/www.semanariolocal.cl\/?p=4749"},"modified":"2022-03-16T10:24:57","modified_gmt":"2022-03-16T13:24:57","slug":"ministro-de-ciencias-proyecta-modificaciones-a-becas-chile","status":"publish","type":"post","link":"https:\/\/www.semanariolocal.cl\/?p=4749","title":{"rendered":"Ministro de Ciencias proyecta modificaciones a Becas Chile"},"content":{"rendered":"\n<p>El ministro de Ciencia, Tecnolog\u00eda, Conocimiento e Innovaci\u00f3n, Flavio Salazar, proyect\u00f3 cambios a Becas Chile en conversaci\u00f3n con el programa All You Need Is Lab de Radio Usach.<\/p>\n\n\n\n<p>\u201cVa a requerir cierta evaluaci\u00f3n. Estoy seguro de que se va a abrir nuevamente el concurso Becas Chile en los pr\u00f3ximos d\u00edas y se va a ir recuperando, pero, probablemente, va a ser delineado de una forma un poco distinta\u201d, anunci\u00f3.<\/p>\n\n\n\n<p>El secretario de Estado se\u00f1al\u00f3 que se buscar\u00e1 combinar las becas internacionales con programas nacionales y direccionar las especialidades que se requerir\u00e1n a futuro.<\/p>\n\n\n\n<p>\u201cDe alguna manera, el Estado tambi\u00e9n, en alg\u00fan porcentaje, va a determinar cu\u00e1les son las \u00e1reas que se necesitan desarrollar m\u00e1s fuertemente en los pr\u00f3ximos a\u00f1os\u201d, consider\u00f3.<\/p>\n\n\n\n<p>Por otra parte, Salazar asegur\u00f3 que antes de la primera parte de este a\u00f1o presentar\u00e1n una propuesta para incrementar los fondos de investigaci\u00f3n.<\/p>\n\n\n\n<p>\u201cYo pienso que una de las formas m\u00e1s importantes de hacerlo es establecer criterios de fondos basales para las instituciones, sobre todo las universidades del Estado, pero tambi\u00e9n las regionales de diverso tipo\u201d, explic\u00f3.<\/p>\n\n\n\n<p>A su juicio, esto impulsar\u00eda iniciativas de descentralizaci\u00f3n y mejorar las condiciones para quienes trabajan en proyectos de investigaci\u00f3n.<\/p>\n\n\n\n<p>Finalmente, insisti\u00f3 en la necesidad de establecer proyectos de inter\u00e9s prioritario a nivel nacional y critic\u00f3 a la administraci\u00f3n anterior.<\/p>\n\n\n\n<p>\u201cTodo se deja al arbitrio de los concursos y eso es un error cuando se llega al extremo. Tiene que haber una combinaci\u00f3n fuerte de premiaci\u00f3n a los mejores proyectos, para la competencia, pero, tambi\u00e9n, establecer proyectos estrat\u00e9gicos que tengan otra v\u00eda de definici\u00f3n\u201d, concluy\u00f3.<\/p>\n","protected":false},"excerpt":{"rendered":"<p>El ministro de Ciencia, Tecnolog\u00eda, Conocimiento e Innovaci\u00f3n, Flavio Salazar, proyect\u00f3 cambios a Becas Chile en conversaci\u00f3n con el programa All You Need Is Lab de Radio Usach. \u201cVa a requerir cierta evaluaci\u00f3n. Estoy seguro de que se va a abrir nuevamente el concurso Becas Chile en los pr\u00f3ximos d\u00edas y se va a ir&#8230;<a class=\"btnReadMore\" href=\"https:\/\/www.semanariolocal.cl\/?p=4749\"> Leer M\u00e1s<\/a><\/p>\n","protected":false},"author":1,"featured_media":4750,"comment_status":"closed","ping_status":"closed","sticky":false,"template":"","format":"standard","meta":{"footnotes":""},"categories":[11],"tags":[],"class_list":["post-4749","post","type-post","status-publish","format-standard","has-post-thumbnail","hentry","category-educacion"],"_links":{"self":[{"href":"https:\/\/www.semanariolocal.cl\/index.php?rest_route=\/wp\/v2\/posts\/4749","targetHints":{"allow":["GET"]}}],"collection":[{"href":"https:\/\/www.semanariolocal.cl\/index.php?rest_route=\/wp\/v2\/posts"}],"about":[{"href":"https:\/\/www.semanariolocal.cl\/index.php?rest_route=\/wp\/v2\/types\/post"}],"author":[{"embeddable":true,"href":"https:\/\/www.semanariolocal.cl\/index.php?rest_route=\/wp\/v2\/users\/1"}],"replies":[{"embeddable":true,"href":"https:\/\/www.semanariolocal.cl\/index.php?rest_route=%2Fwp%2Fv2%2Fcomments&post=4749"}],"version-history":[{"count":1,"href":"https:\/\/www.semanariolocal.cl\/index.php?rest_route=\/wp\/v2\/posts\/4749\/revisions"}],"predecessor-version":[{"id":4751,"href":"https:\/\/www.semanariolocal.cl\/index.php?rest_route=\/wp\/v2\/posts\/4749\/revisions\/4751"}],"wp:featuredmedia":[{"embeddable":true,"href":"https:\/\/www.semanariolocal.cl\/index.php?rest_route=\/wp\/v2\/media\/4750"}],"wp:attachment":[{"href":"https:\/\/www.semanariolocal.cl\/index.php?rest_route=%2Fwp%2Fv2%2Fmedia&parent=4749"}],"wp:term":[{"taxonomy":"category","embeddable":true,"href":"https:\/\/www.semanariolocal.cl\/index.php?rest_route=%2Fwp%2Fv2%2Fcategories&post=4749"},{"taxonomy":"post_tag","embeddable":true,"href":"https:\/\/www.semanariolocal.cl\/index.php?rest_route=%2Fwp%2Fv2%2Ftags&post=4749"}],"curies":[{"name":"wp","href":"https:\/\/api.w.org\/{rel}","templated":true}]}}