{"id":4720,"date":"2022-03-14T19:51:06","date_gmt":"2022-03-14T22:51:06","guid":{"rendered":"https:\/\/www.semanariolocal.cl\/?p=4720"},"modified":"2022-03-14T19:52:23","modified_gmt":"2022-03-14T22:52:23","slug":"nuevo-consejo-regional-de-los-lagos-asumio-sus-funciones-con-miras-a-la-descentralizacion","status":"publish","type":"post","link":"https:\/\/www.semanariolocal.cl\/?p=4720","title":{"rendered":"Nuevo Consejo Regional de Los Lagos asumi\u00f3 funciones con miras a la descentralizaci\u00f3n"},"content":{"rendered":"\n<p>En el teatro Diego Rivera de Puerto Montt se realiz\u00f3 la primera sesi\u00f3n extraordinaria del Consejo Regional de Los Lagos, donde los ahora 20 integrantes de este cuerpo (periodo 2022-2025), juraron o prometieron cumplir las funciones propias de su cargo.<\/p>\n\n\n\n<p>Una instancia que cont\u00f3 con la presencia de autoridades de orden, regionales y comunales, encabezada por el Gobernador Regional, Patricio Vallespin, quien coment\u00f3 que los desaf\u00edos son grandes, pero la voluntad y capacidad de trabajo conjunto permitir\u00e1n avanzar en la descentralizaci\u00f3n.<br>\u00abHay un compromiso claro de trabajar por la regi\u00f3n, con unidad de prop\u00f3sito, en un marco de descentralizaci\u00f3n, buscando mayor claridad y eficiencia en nuestras decisiones, pero tambi\u00e9n solicitando a nivel nacional m\u00e1s capacidad de gesti\u00f3n en los territorios, ese es el desaf\u00edo que se nos viene\u00bb.<\/p>\n\n\n\n<p>En el mismo sentido, la presidenta de la comisi\u00f3n provincia de Osorno del Core Los Lagos, Mar\u00eda Ang\u00e9lica Barraza agradeci\u00f3 la oportunidad de ser electa nuevamente como consejera regional, oportunidad en la cual fue una de las altas mayor\u00edas.&nbsp;Es importante se\u00f1alar que los consejeros regionales se crearon mediante una reforma constitucional el a\u00f1o 1991 y desde el 2014 fueron electos a trav\u00e9s de votaci\u00f3n popular. Los integrantes de este cuerpo colegiado realizan trabajos en comisiones tem\u00e1ticas y provinciales, adem\u00e1s del trabajo en sesiones ordinarias y extraordinarias, donde analizan proyectos que buscan beneficiar a las 30 comunas de las provincias de Osorno, Llanquihue, Chilo\u00e9 y Palena, y resuelven si aprueban o rechazan variadas iniciativas.<\/p>\n\n\n\n<p>Entre las atribuciones m\u00e1s relevantes est\u00e1n la aprobaci\u00f3n de reglamentos regionales, planes regionales de desarrollo urbano, los planes reguladores metropolitanos e intercomunales propuestos por la Secretar\u00eda Regional Ministerial de Vivienda y Urbanismo, la distribuci\u00f3n de los recursos del Fondo Nacional de Desarrollo Regional FNDR; requerir informaci\u00f3n de autoridades o jefaturas que desempe\u00f1en sus funciones en la regi\u00f3n o a nivel provincial sobre el accionar de sus respectivas instituciones, en las materias de competencia del consejo regional, las que deber\u00e1n responder dentro del plazo de treinta d\u00edas.<\/p>\n\n\n\n<p>Las sesiones plenarias son presididas por el presidente de este cuerpo colegiado, en este periodo es el gobernador regional, Patricio Vallespin. Desde este a\u00f1o en la regi\u00f3n de Los Lagos aument\u00f3 de 16 a 20 consejeros\/as, a ra\u00edz del aumento demogr\u00e1fico de las provincias.<\/p>\n\n\n\n<p>Listado de 20 consejeros regionales electos (periodo 2022-2025)<br>Nelson \u00c1guila Serpa<br>Rodrigo Arismendi Valenzuela<br>Mar\u00eda Ang\u00e9lica Barraza Arellano<br>Juan C\u00e1rcamo C\u00e1rcamo<br>Francisco Javier C\u00e1rcamo Hern\u00e1ndez<br>Alexis Casanova C\u00e1rdenas<br>Fernando Hern\u00e1ndez Torres<br>Andrea Iturriaga Hewstone<br>Ricardo Alberto Kuschel Silva<br>Daniela M\u00e9ndez C\u00e1rdenas<br>Jos\u00e9 Luis Mu\u00f1oz Uribe<br>Cesar Rafael Negr\u00f3n Barr\u00eda<br>Andr\u00e9s Antonio Ojeda Care<br>Francisco Javier Paredes Moraga<br>Patricia Elena Rada Salazar<br>Francisco Javier Reyes Castro<br>Manuel Rivera Altamirano<br>Roberto Soto Escalona<br>Cristian Mauricio Vargas Ya\u00f1ez<br>Rodrigo Javier Wainraight Galilea<\/p>\n","protected":false},"excerpt":{"rendered":"<p>En el teatro Diego Rivera de Puerto Montt se realiz\u00f3 la primera sesi\u00f3n extraordinaria del Consejo Regional de Los Lagos, donde los ahora 20 integrantes de este cuerpo (periodo 2022-2025), juraron o prometieron cumplir las funciones propias de su cargo. Una instancia que cont\u00f3 con la presencia de autoridades de orden, regionales y comunales, encabezada&#8230;<a class=\"btnReadMore\" href=\"https:\/\/www.semanariolocal.cl\/?p=4720\"> Leer M\u00e1s<\/a><\/p>\n","protected":false},"author":1,"featured_media":4721,"comment_status":"closed","ping_status":"closed","sticky":false,"template":"","format":"standard","meta":{"footnotes":""},"categories":[3,6],"tags":[],"class_list":["post-4720","post","type-post","status-publish","format-standard","has-post-thumbnail","hentry","category-al-dia","category-politica"],"_links":{"self":[{"href":"https:\/\/www.semanariolocal.cl\/index.php?rest_route=\/wp\/v2\/posts\/4720","targetHints":{"allow":["GET"]}}],"collection":[{"href":"https:\/\/www.semanariolocal.cl\/index.php?rest_route=\/wp\/v2\/posts"}],"about":[{"href":"https:\/\/www.semanariolocal.cl\/index.php?rest_route=\/wp\/v2\/types\/post"}],"author":[{"embeddable":true,"href":"https:\/\/www.semanariolocal.cl\/index.php?rest_route=\/wp\/v2\/users\/1"}],"replies":[{"embeddable":true,"href":"https:\/\/www.semanariolocal.cl\/index.php?rest_route=%2Fwp%2Fv2%2Fcomments&post=4720"}],"version-history":[{"count":2,"href":"https:\/\/www.semanariolocal.cl\/index.php?rest_route=\/wp\/v2\/posts\/4720\/revisions"}],"predecessor-version":[{"id":4723,"href":"https:\/\/www.semanariolocal.cl\/index.php?rest_route=\/wp\/v2\/posts\/4720\/revisions\/4723"}],"wp:featuredmedia":[{"embeddable":true,"href":"https:\/\/www.semanariolocal.cl\/index.php?rest_route=\/wp\/v2\/media\/4721"}],"wp:attachment":[{"href":"https:\/\/www.semanariolocal.cl\/index.php?rest_route=%2Fwp%2Fv2%2Fmedia&parent=4720"}],"wp:term":[{"taxonomy":"category","embeddable":true,"href":"https:\/\/www.semanariolocal.cl\/index.php?rest_route=%2Fwp%2Fv2%2Fcategories&post=4720"},{"taxonomy":"post_tag","embeddable":true,"href":"https:\/\/www.semanariolocal.cl\/index.php?rest_route=%2Fwp%2Fv2%2Ftags&post=4720"}],"curies":[{"name":"wp","href":"https:\/\/api.w.org\/{rel}","templated":true}]}}