{"id":4712,"date":"2022-03-14T13:48:00","date_gmt":"2022-03-14T16:48:00","guid":{"rendered":"https:\/\/www.semanariolocal.cl\/?p=4712"},"modified":"2022-03-14T19:28:02","modified_gmt":"2022-03-14T22:28:02","slug":"rn-emplaza-a-ministra-del-interior-a-reconsiderar-el-estado-de-excepcion-en-la-macrozona-sur","status":"publish","type":"post","link":"https:\/\/www.semanariolocal.cl\/?p=4712","title":{"rendered":"RN emplaza a Ministra del Interior a reconsiderar el Estado de Excepci\u00f3n en la Macrozona Sur"},"content":{"rendered":"\n<p>El presidente de\u00a0RN, Francisco Chahu\u00e1n, valor\u00f3 el anuncio de la Ministra del Interior, Izkia Siches, de viajar a la regi\u00f3n de La Araucan\u00eda. Sin embargo, la emplaz\u00f3 a reconsiderar la aplicaci\u00f3n del Estado de Excepci\u00f3n en la Macrozona Sur que finaliza a fines de este mes.<\/p>\n\n\n\n<p>El senador le pidi\u00f3 a la secretaria de Estado que&nbsp;<strong>\u201cvaya desprejuiciada, con \u00e1nimo de empatizar con las v\u00edctimas m\u00e1s que con los victimarios. Que empatice con el miedo, p\u00e1nico y el terror que existe en las comunidades con lo que vaya a ocurrir este 26 de marzo cuando deje de operar el Estado de Excepci\u00f3n. Le quiero decir, Izkia Siches, que usted junto al Presidente Gabriel Boric ser\u00e1n personalmente responsables de lo que ocurra en La Araucan\u00eda a partir del 26 de marzo si toman una decisi\u00f3n distinta\u201d<\/strong>.<\/p>\n\n\n\n<p>Junto con lamentar que no se reunir\u00e1 con parlamentarios de RN en la zona, el presidente del partido solicit\u00f3 a la Ministra que&nbsp;<strong>\u201ctenga la posibilidad de interactuar con las v\u00edctimas que est\u00e1n en las comunidades mapuche y no mapuche, que trabajan, laboran y viven en la zona, que tienen miedo, que pueda empatizar con el mundo de la agricultura y productores de madera\u201d<\/strong>.<\/p>\n\n\n\n<p>Por su parte, el diputado Juan Carlos Beltr\u00e1n se\u00f1al\u00f3 que&nbsp;<strong>\u201ces necesario que la Ministra se re\u00fana con la mayor cantidad de gente, que escuche los distintos planteamientos, porque la regi\u00f3n ha sufrido durante mucho tiempo y hoy estamos en una situaci\u00f3n de crisis, de intranquilidad e inseguridad. La gente hoy no se siente segura en sus propias casas, por eso es importante escuchar a todos\u201d<\/strong>.<\/p>\n\n\n\n<p>Finalmente el diputado Miguel Becker record\u00f3 que&nbsp;<strong>\u201chubo una votaci\u00f3n que lider\u00f3 el Gobernador que determin\u00f3 que la mayor\u00eda de la ciudadan\u00eda de la regi\u00f3n quiere la paz y que el terrorismo y violencia se termine. Aqu\u00ed se debe combatir a los delincuentes cobardes que est\u00e1n asediando a la gente, haciendo chantaje y quemando casas. Creo que todos tenemos que hacer un esfuerzo para terminar con esto y salir adelante\u201d<\/strong><\/p>\n","protected":false},"excerpt":{"rendered":"<p>El presidente de\u00a0RN, Francisco Chahu\u00e1n, valor\u00f3 el anuncio de la Ministra del Interior, Izkia Siches, de viajar a la regi\u00f3n de La Araucan\u00eda. Sin embargo, la emplaz\u00f3 a reconsiderar la aplicaci\u00f3n del Estado de Excepci\u00f3n en la Macrozona Sur que finaliza a fines de este mes. El senador le pidi\u00f3 a la secretaria de Estado&#8230;<a class=\"btnReadMore\" href=\"https:\/\/www.semanariolocal.cl\/?p=4712\"> Leer M\u00e1s<\/a><\/p>\n","protected":false},"author":1,"featured_media":4713,"comment_status":"closed","ping_status":"closed","sticky":false,"template":"","format":"standard","meta":{"footnotes":""},"categories":[3],"tags":[],"class_list":["post-4712","post","type-post","status-publish","format-standard","has-post-thumbnail","hentry","category-al-dia"],"_links":{"self":[{"href":"https:\/\/www.semanariolocal.cl\/index.php?rest_route=\/wp\/v2\/posts\/4712","targetHints":{"allow":["GET"]}}],"collection":[{"href":"https:\/\/www.semanariolocal.cl\/index.php?rest_route=\/wp\/v2\/posts"}],"about":[{"href":"https:\/\/www.semanariolocal.cl\/index.php?rest_route=\/wp\/v2\/types\/post"}],"author":[{"embeddable":true,"href":"https:\/\/www.semanariolocal.cl\/index.php?rest_route=\/wp\/v2\/users\/1"}],"replies":[{"embeddable":true,"href":"https:\/\/www.semanariolocal.cl\/index.php?rest_route=%2Fwp%2Fv2%2Fcomments&post=4712"}],"version-history":[{"count":1,"href":"https:\/\/www.semanariolocal.cl\/index.php?rest_route=\/wp\/v2\/posts\/4712\/revisions"}],"predecessor-version":[{"id":4714,"href":"https:\/\/www.semanariolocal.cl\/index.php?rest_route=\/wp\/v2\/posts\/4712\/revisions\/4714"}],"wp:featuredmedia":[{"embeddable":true,"href":"https:\/\/www.semanariolocal.cl\/index.php?rest_route=\/wp\/v2\/media\/4713"}],"wp:attachment":[{"href":"https:\/\/www.semanariolocal.cl\/index.php?rest_route=%2Fwp%2Fv2%2Fmedia&parent=4712"}],"wp:term":[{"taxonomy":"category","embeddable":true,"href":"https:\/\/www.semanariolocal.cl\/index.php?rest_route=%2Fwp%2Fv2%2Fcategories&post=4712"},{"taxonomy":"post_tag","embeddable":true,"href":"https:\/\/www.semanariolocal.cl\/index.php?rest_route=%2Fwp%2Fv2%2Ftags&post=4712"}],"curies":[{"name":"wp","href":"https:\/\/api.w.org\/{rel}","templated":true}]}}