{"id":4706,"date":"2022-03-14T17:44:29","date_gmt":"2022-03-14T20:44:29","guid":{"rendered":"https:\/\/www.semanariolocal.cl\/?p=4706"},"modified":"2022-03-14T17:44:29","modified_gmt":"2022-03-14T20:44:29","slug":"vinculacion-con-artes-y-culturas-uach-invita-a-ser-parte-de-sus-ensambles","status":"publish","type":"post","link":"https:\/\/www.semanariolocal.cl\/?p=4706","title":{"rendered":"Vinculaci\u00f3n con Artes y Culturas UACh invita a ser parte de sus ensambles"},"content":{"rendered":"\n<p>La Universidad Austral de Chile Sede Puerto Montt, a trav\u00e9s de su \u00c1rea de Vinculaci\u00f3n con las Artes y las Culturas de la Direcci\u00f3n de Vinculaci\u00f3n con el Medio, tiene el agrado de invitar a miembros de la comunidad de la regi\u00f3n de Los Lagos, y estudiantes, acad\u00e9micos y funcionarios de cualquier afiliaci\u00f3n universitaria, a participar en sus ensambles musicales.&nbsp;<\/p>\n\n\n\n<p>Los ensambles, incluyen un coro sinf\u00f3nico, un coro infantil, un ensamble latinoamericano, una big band, una orquesta de cuerdas, y otros, son aptos para personas de cualquier edad o nivel de experiencia, y brindan experiencias educativas y profesionales que pueden llevar a sus integrantes a escenarios en toda la regi\u00f3n, desde escuelas e&nbsp;iglesias rurales hasta el Teatro del Lago en Frutillar y el Teatro Diego Rivera en Puerto Montt.<\/p>\n\n\n\n<p>Al respecto el Director de Vinculaci\u00f3n con las Artes, Mg. Edgar Girtain, destac\u00f3 que: \u201cDespu\u00e9s de dos largos a\u00f1os de distanciamiento, por fin lleg\u00f3 el momento de hacer m\u00fasica en masa con nuestros vecinos, nuestros estudiantes, profesores y ni\u00f1os. Hacer m\u00fasica y participar en una comunidad de creadores de m\u00fasica es un enriquecimiento intangible que hace la vida brillante y los recuerdos v\u00edvidamente coloridos\u201d.<\/p>\n\n\n\n<p>Se\u00f1al\u00f3 adem\u00e1s que \u201cahora es el momento de reunirse, de celebrar la vida, la b\u00fasqueda del conocimiento, y la belleza de las voces y los instrumentos en armon\u00eda\u201d.<\/p>\n\n\n\n<p>El periodo de inscripci\u00f3n inicia el 14 de marzo y culmina el d\u00eda 23 de marzo, y los ensayos parten desde el 5 de abril.<\/p>\n\n\n\n<p>Los horarios para las sesiones est\u00e1n disponibles en el sitio web&nbsp;<a href=\"http:\/\/cdla.uach.cl\/\" target=\"_blank\" rel=\"noreferrer noopener\">http:\/\/cdla.uach.cl<\/a>.<\/p>\n\n\n\n<p>Las inscripciones son gratuitas.<\/p>\n\n\n\n<p>M\u00e1s informaci\u00f3n, horarios, inscripci\u00f3n en el sitio web:&nbsp;<a href=\"http:\/\/cdla.uach.cl\/\" target=\"_blank\" rel=\"noreferrer noopener\">http:\/\/cdla.uach.cl<\/a><\/p>\n\n\n\n<p>Dudas y consultas al e-mail:&nbsp;<a href=\"mailto:casadelasartes@uach.cl\" target=\"_blank\" rel=\"noreferrer noopener\">casadelasartes@uach.cl<\/a><\/p>\n","protected":false},"excerpt":{"rendered":"<p>Gratuitas y abiertas a la comunidad UACh y comunidad local de todas las edades.<\/p>\n","protected":false},"author":1,"featured_media":4707,"comment_status":"closed","ping_status":"closed","sticky":false,"template":"","format":"standard","meta":{"footnotes":""},"categories":[11],"tags":[],"class_list":["post-4706","post","type-post","status-publish","format-standard","has-post-thumbnail","hentry","category-educacion"],"_links":{"self":[{"href":"https:\/\/www.semanariolocal.cl\/index.php?rest_route=\/wp\/v2\/posts\/4706","targetHints":{"allow":["GET"]}}],"collection":[{"href":"https:\/\/www.semanariolocal.cl\/index.php?rest_route=\/wp\/v2\/posts"}],"about":[{"href":"https:\/\/www.semanariolocal.cl\/index.php?rest_route=\/wp\/v2\/types\/post"}],"author":[{"embeddable":true,"href":"https:\/\/www.semanariolocal.cl\/index.php?rest_route=\/wp\/v2\/users\/1"}],"replies":[{"embeddable":true,"href":"https:\/\/www.semanariolocal.cl\/index.php?rest_route=%2Fwp%2Fv2%2Fcomments&post=4706"}],"version-history":[{"count":1,"href":"https:\/\/www.semanariolocal.cl\/index.php?rest_route=\/wp\/v2\/posts\/4706\/revisions"}],"predecessor-version":[{"id":4708,"href":"https:\/\/www.semanariolocal.cl\/index.php?rest_route=\/wp\/v2\/posts\/4706\/revisions\/4708"}],"wp:featuredmedia":[{"embeddable":true,"href":"https:\/\/www.semanariolocal.cl\/index.php?rest_route=\/wp\/v2\/media\/4707"}],"wp:attachment":[{"href":"https:\/\/www.semanariolocal.cl\/index.php?rest_route=%2Fwp%2Fv2%2Fmedia&parent=4706"}],"wp:term":[{"taxonomy":"category","embeddable":true,"href":"https:\/\/www.semanariolocal.cl\/index.php?rest_route=%2Fwp%2Fv2%2Fcategories&post=4706"},{"taxonomy":"post_tag","embeddable":true,"href":"https:\/\/www.semanariolocal.cl\/index.php?rest_route=%2Fwp%2Fv2%2Ftags&post=4706"}],"curies":[{"name":"wp","href":"https:\/\/api.w.org\/{rel}","templated":true}]}}