{"id":4703,"date":"2022-03-14T17:32:03","date_gmt":"2022-03-14T20:32:03","guid":{"rendered":"https:\/\/www.semanariolocal.cl\/?p=4703"},"modified":"2022-03-14T17:32:07","modified_gmt":"2022-03-14T20:32:07","slug":"13-asistentes-de-la-educacion-municipal-de-osorno-se-acogieron-a-retiro-voluntario","status":"publish","type":"post","link":"https:\/\/www.semanariolocal.cl\/?p=4703","title":{"rendered":"13 Asistentes de la educaci\u00f3n municipal de Osorno se acogieron a retiro voluntario"},"content":{"rendered":"\n<p>Los funcionarios recibieron de manos del jefe comunal, Emeterio Carrillo, su cheque de Incentivo al Retiro Voluntario. La entrega fue acompa\u00f1ada con una ceremonia donde se reconoci\u00f3 su labor y desempe\u00f1o en su paso por la educaci\u00f3n p\u00fablica.<\/p>\n\n\n\n<p>La autoridad comunal, destac\u00f3 \u201c<strong><em>la importancia de reconocer a quienes muchas veces son el primer contacto de los estudiantes o de la comunidad con un establecimiento. Como Municipio de Osorno nos sentimos agradecidos por la labor que d\u00eda a d\u00eda desempe\u00f1aron, su entrega, vocaci\u00f3n y compa\u00f1erismo. Sin duda fueron trabajadores comprometidos con sus escuelas y liceos, pero tambi\u00e9n con sus escolares, y que hoy merecidamente comienzan una nueva etapa de descanso en sus vidas<\/em><\/strong>\u201d.<\/p>\n\n\n\n<p>Por su parte, Nazira Julian Beltr\u00e1n, quien se acogi\u00f3 a retiro con 26 a\u00f1os de servicio, no escondi\u00f3 su emoci\u00f3n en la entrega, al tener \u201c<strong><em>sentimientos encontrados, por los v\u00ednculos creados con los compa\u00f1eros de trabajo, pero principalmente con los estudiantes a quienes con el tiempo uno los ve y los aconseja como verdaderos hijos<\/em><\/strong>\u201d.<\/p>\n\n\n\n<p>En tanto, Silvia Trejo Soto, agradeci\u00f3 \u201c<strong><em>el reconocimiento entregado por el Municipio de Osorno, el Daem y el mismo establecimiento, que viene sin duda a marcar el inicio de esta nueva etapa. Extra\u00f1aremos a los j\u00f3venes, su ingreso en las ma\u00f1anas, pero concluyo una etapa importante de mi vida e inicio otra feliz y dispuesta a disfrutar<\/em><\/strong>\u201d.<\/p>\n\n\n\n<p>Mencionar que, en medio de la ceremonia, se destac\u00f3 el trabajo desarrollado por 50 a\u00f1os en la educaci\u00f3n p\u00fablica de Jorge D\u00edaz Hern\u00e1ndez quien cumpli\u00f3 diversos roles en dependencias del Liceo Industrial de Osorno, y a sus pares Salvador Aguilera Herrera; Juana C\u00e1rdenas Aguilar; Orlaya Garc\u00e9s Fern\u00e1ndez; Laura Gonz\u00e1lez Sotomayor; Orlanda Igor Spormann;&nbsp; Rosario Varas Villegas; Raquel Vel\u00e1squez Vargas, Bernardo Esp\u00edndola&nbsp; Brito quien en la oportunidad fue representado por su hijo Felipe Esp\u00edndola y don Jorge Aguilar Vidal representado por su viuda, Mar\u00eda Corina Vidal.<\/p>\n","protected":false},"excerpt":{"rendered":"<p>Los funcionarios recibieron de manos del jefe comunal, Emeterio Carrillo, su cheque de Incentivo al Retiro Voluntario. La entrega fue acompa\u00f1ada con una ceremonia donde se reconoci\u00f3 su labor y desempe\u00f1o en su paso por la educaci\u00f3n p\u00fablica. La autoridad comunal, destac\u00f3 \u201cla importancia de reconocer a quienes muchas veces son el primer contacto de&#8230;<a class=\"btnReadMore\" href=\"https:\/\/www.semanariolocal.cl\/?p=4703\"> Leer M\u00e1s<\/a><\/p>\n","protected":false},"author":1,"featured_media":4704,"comment_status":"closed","ping_status":"closed","sticky":false,"template":"","format":"standard","meta":{"footnotes":""},"categories":[11],"tags":[],"class_list":["post-4703","post","type-post","status-publish","format-standard","has-post-thumbnail","hentry","category-educacion"],"_links":{"self":[{"href":"https:\/\/www.semanariolocal.cl\/index.php?rest_route=\/wp\/v2\/posts\/4703","targetHints":{"allow":["GET"]}}],"collection":[{"href":"https:\/\/www.semanariolocal.cl\/index.php?rest_route=\/wp\/v2\/posts"}],"about":[{"href":"https:\/\/www.semanariolocal.cl\/index.php?rest_route=\/wp\/v2\/types\/post"}],"author":[{"embeddable":true,"href":"https:\/\/www.semanariolocal.cl\/index.php?rest_route=\/wp\/v2\/users\/1"}],"replies":[{"embeddable":true,"href":"https:\/\/www.semanariolocal.cl\/index.php?rest_route=%2Fwp%2Fv2%2Fcomments&post=4703"}],"version-history":[{"count":1,"href":"https:\/\/www.semanariolocal.cl\/index.php?rest_route=\/wp\/v2\/posts\/4703\/revisions"}],"predecessor-version":[{"id":4705,"href":"https:\/\/www.semanariolocal.cl\/index.php?rest_route=\/wp\/v2\/posts\/4703\/revisions\/4705"}],"wp:featuredmedia":[{"embeddable":true,"href":"https:\/\/www.semanariolocal.cl\/index.php?rest_route=\/wp\/v2\/media\/4704"}],"wp:attachment":[{"href":"https:\/\/www.semanariolocal.cl\/index.php?rest_route=%2Fwp%2Fv2%2Fmedia&parent=4703"}],"wp:term":[{"taxonomy":"category","embeddable":true,"href":"https:\/\/www.semanariolocal.cl\/index.php?rest_route=%2Fwp%2Fv2%2Fcategories&post=4703"},{"taxonomy":"post_tag","embeddable":true,"href":"https:\/\/www.semanariolocal.cl\/index.php?rest_route=%2Fwp%2Fv2%2Ftags&post=4703"}],"curies":[{"name":"wp","href":"https:\/\/api.w.org\/{rel}","templated":true}]}}