{"id":4681,"date":"2022-03-10T08:20:00","date_gmt":"2022-03-10T11:20:00","guid":{"rendered":"https:\/\/www.semanariolocal.cl\/?p=4681"},"modified":"2022-03-10T10:17:53","modified_gmt":"2022-03-10T13:17:53","slug":"senador-moreira-insistira-ante-el-nuevo-gobierno-por-soluciones-por-alto-precio-de-los-combustibles","status":"publish","type":"post","link":"https:\/\/www.semanariolocal.cl\/?p=4681","title":{"rendered":"Senador Moreira insistir\u00e1 ante el nuevo gobierno por soluciones por alto precio de los combustibles."},"content":{"rendered":"\n<p>Como una injusticia catalogo el Senador por la regi\u00f3n de Los Lagos, Iv\u00e1n Moreira, el alto precio de los combustibles, que en algunas comunas supera los mil 200 pesos el litro de bencina.<\/p>\n\n\n\n<p>Para el legislador es fundamental integrar al mecanismo de estabilizaci\u00f3n de precios de los combustibles (MEPCO) a la parafina y el gas, que en los \u00faltimos a\u00f1os han tenido alzas importantes. El primero registr\u00f3 un alza de un 55% durante el ultimo a\u00f1o, mientras que el segundo, en galones de 45 kilos, supera los cien mil pesos en varios puntos de la regi\u00f3n.<\/p>\n\n\n\n<p>Moreira calific\u00f3 como una injusticia el alto costo de los combustibles en la regi\u00f3n, aseverando que los pron\u00f3sticos para los pr\u00f3ximos meses no consideran bajas en los precios.<\/p>\n\n\n\n<p><em>\u201cEs una injusticia el alto costo de los combustibles en buena parte de nuestra regi\u00f3n. M\u00e1s de mil 200 el litro de bencina en Chait\u00e9n, la parafina lleg\u00f3 a los mil pesos en Puerto Montt y el petr\u00f3leo se acerca a los 900 pesos en Chilo\u00e9. Lo m\u00e1s preocupante es que semana tras semana, los precios se incrementan. Nuestro pa\u00eds, al no tener reservas naturales, es especialmente vulnerable al alza del precio internacional, en donde los pron\u00f3sticos para este a\u00f1o son poco alentadores\u201d.<\/em><\/p>\n\n\n\n<p>El congresista UDI dijo que solicitar\u00e1n soluciones al nuevo gobierno pese a que se han manifestado en contra de medidas que permitan reducir el precio de los combustibles. Adem\u00e1s, dijo que buscar\u00e1 que se implemente un sistema de estabilizaci\u00f3n para el gas y la parafina, tal como ocurre con la bencina y el petr\u00f3leo.<\/p>\n\n\n\n<p><em>\u201cEntendiendo lo magro del escenario, es que insistiremos con el nuevo gobierno para que se entreguen soluciones, especialmente en las zonas extremas. Sabemos que el Presidente Boric no es partidario de bajar el impuesto especifico, pero necesitamos que nuestra gente sea escuchada y pague un precio justo. El mercado de los combustibles es regulado por el famoso MEPCO, que permite controlar alzas bruscas en el precio, y dado el actual escenario es que tambi\u00e9n solicitaremos que se aplique el mismo sistema, o uno similar, para la parafina y el gas, que semana tras semana encarecen la vida de todos los chilenos. En el gobierno del Presidente Pi\u00f1era hubo algunos avances en esta materia y esperamos que en esta administraci\u00f3n se contin\u00fae por el mismo camino\u201d.&nbsp;<\/em><\/p>\n\n\n\n<p>El legislador sostuvo que si bien comprende que el alza internacional que han tenido los combustibles explica las tarifas actuales en Chile, no es excusa para buscar alternativas que permitan amortizar el costo que pagan las familias.<\/p>\n","protected":false},"excerpt":{"rendered":"<p>Adem\u00e1s, solicitar\u00e1 la aplicaci\u00f3n de un sistema de estabilizaci\u00f3n de precios para la parafina y el gas.<\/p>\n","protected":false},"author":1,"featured_media":4682,"comment_status":"closed","ping_status":"closed","sticky":false,"template":"","format":"standard","meta":{"footnotes":""},"categories":[6],"tags":[],"class_list":["post-4681","post","type-post","status-publish","format-standard","has-post-thumbnail","hentry","category-politica"],"_links":{"self":[{"href":"https:\/\/www.semanariolocal.cl\/index.php?rest_route=\/wp\/v2\/posts\/4681","targetHints":{"allow":["GET"]}}],"collection":[{"href":"https:\/\/www.semanariolocal.cl\/index.php?rest_route=\/wp\/v2\/posts"}],"about":[{"href":"https:\/\/www.semanariolocal.cl\/index.php?rest_route=\/wp\/v2\/types\/post"}],"author":[{"embeddable":true,"href":"https:\/\/www.semanariolocal.cl\/index.php?rest_route=\/wp\/v2\/users\/1"}],"replies":[{"embeddable":true,"href":"https:\/\/www.semanariolocal.cl\/index.php?rest_route=%2Fwp%2Fv2%2Fcomments&post=4681"}],"version-history":[{"count":1,"href":"https:\/\/www.semanariolocal.cl\/index.php?rest_route=\/wp\/v2\/posts\/4681\/revisions"}],"predecessor-version":[{"id":4683,"href":"https:\/\/www.semanariolocal.cl\/index.php?rest_route=\/wp\/v2\/posts\/4681\/revisions\/4683"}],"wp:featuredmedia":[{"embeddable":true,"href":"https:\/\/www.semanariolocal.cl\/index.php?rest_route=\/wp\/v2\/media\/4682"}],"wp:attachment":[{"href":"https:\/\/www.semanariolocal.cl\/index.php?rest_route=%2Fwp%2Fv2%2Fmedia&parent=4681"}],"wp:term":[{"taxonomy":"category","embeddable":true,"href":"https:\/\/www.semanariolocal.cl\/index.php?rest_route=%2Fwp%2Fv2%2Fcategories&post=4681"},{"taxonomy":"post_tag","embeddable":true,"href":"https:\/\/www.semanariolocal.cl\/index.php?rest_route=%2Fwp%2Fv2%2Ftags&post=4681"}],"curies":[{"name":"wp","href":"https:\/\/api.w.org\/{rel}","templated":true}]}}