{"id":4678,"date":"2022-03-10T08:10:00","date_gmt":"2022-03-10T11:10:00","guid":{"rendered":"https:\/\/www.semanariolocal.cl\/?p=4678"},"modified":"2022-03-10T10:14:44","modified_gmt":"2022-03-10T13:14:44","slug":"diputados-udi-piden-al-gobierno-mecanismo-de-estabilizacion-para-alza-en-cuentas-de-la-luz%ef%bf%bc","status":"publish","type":"post","link":"https:\/\/www.semanariolocal.cl\/?p=4678","title":{"rendered":"Diputados UDI piden al gobierno mecanismo de estabilizaci\u00f3n para alza en cuentas de la luz\ufffc"},"content":{"rendered":"\n<p>Los diputados de la UDI, Renzo Trisotti y Juan Manuel Fuenzalida, le solicitaron al gobierno entrante que impulse a la brevedad posible un nuevo mecanismo de estabilizaci\u00f3n de precios -tal como el Mepco para los combustibles- a objeto de enfrentar la abrupta alza en las cuentas de la luz que se prev\u00e9 a partir del segundo semestre.<\/p>\n\n\n\n<p>Al respecto, y luego que la Comisi\u00f3n Nacional de Energ\u00eda (CNE) advirtiera que durante los primeros meses de este a\u00f1o se llegar\u00e1 al l\u00edmite establecido en el Fondo de Estabilizaci\u00f3n de los Precios de la Energ\u00eda, lo que har\u00eda aumentar las cuentas de la luz en cerca de un 21%, los parlamentarios gremialistas aseguraron que urge avanzar en un nuevo mecanismo de estabilizaci\u00f3n a la brevedad.<\/p>\n\n\n\n<p>\u201cNo nos olvidemos que producto de la pandemia se permiti\u00f3 postergar el pago de los servicios b\u00e1sicos hasta fines de 2021, por lo tanto muchas familias chilenas, desde las m\u00e1s vulnerables hasta incluso la clase media, reci\u00e9n est\u00e1n empezando a regular sus deudas, y ahora es muy probable que lleguen y se encuentren con un alza cercana a un 21%, lo que los va a afectar directamente\u201d, advirtieron los diputados UDI.<\/p>\n\n\n\n<p>En esa l\u00ednea, Trisotti y Fuenzalida insistieron en que \u201cpara evitar aquello, es necesario que las futuras autoridades de gobierno eval\u00faen la creaci\u00f3n de un nuevo mecanismo de estabilizaci\u00f3n de precios, considerando que el actual sistema llegar\u00e1 a su l\u00edmite\u201d, agregando que \u201ces la soluci\u00f3n m\u00e1s razonable que existe para suavizar el alza que en los pr\u00f3ximos meses experimentar\u00e1n las cuentas de la luz\u201d.<\/p>\n\n\n\n<p>Adem\u00e1s, los parlamentarios gremialistas tambi\u00e9n advirtieron que, de acuerdo a distintos expertos, los precios no se reducir\u00edan sino hasta reci\u00e9n en 2027, por lo que llamaron al gobierno entrante a evaluar dicha opci\u00f3n y a buscar otras alternativas para que las alzas impacten lo menos posible.<\/p>\n\n\n\n<p>\u201cLa pandemia a\u00fan no ha terminado, y si bien es necesario ir retomando nuestra normalidad, el Estado no puede olvidarse de su rol garante. A\u00fan hay muchas familias de nuestro pa\u00eds, en especial las que viven en regiones, que requieren de una ayuda para ir superando la actual crisis. Y en este caso, las futuras autoridades tienen una tremenda oportunidad en sus manos\u201d, concluyeron los UDI.<\/p>\n","protected":false},"excerpt":{"rendered":"<p>Renzo Trisotti y Juan Manuel Fuenzalida advirtieron que muchas familias del pa\u00eds reci\u00e9n est\u00e1n regulando el pago de sus servicios b\u00e1sicos, por lo que un incremento de esa envergadura \u201cafectar\u00eda no s\u00f3lo a los m\u00e1s vulnerables, sino que tambi\u00e9n a la clase media\u201d. <\/p>\n","protected":false},"author":1,"featured_media":4679,"comment_status":"closed","ping_status":"closed","sticky":false,"template":"","format":"standard","meta":{"footnotes":""},"categories":[3,6],"tags":[],"class_list":["post-4678","post","type-post","status-publish","format-standard","has-post-thumbnail","hentry","category-al-dia","category-politica"],"_links":{"self":[{"href":"https:\/\/www.semanariolocal.cl\/index.php?rest_route=\/wp\/v2\/posts\/4678","targetHints":{"allow":["GET"]}}],"collection":[{"href":"https:\/\/www.semanariolocal.cl\/index.php?rest_route=\/wp\/v2\/posts"}],"about":[{"href":"https:\/\/www.semanariolocal.cl\/index.php?rest_route=\/wp\/v2\/types\/post"}],"author":[{"embeddable":true,"href":"https:\/\/www.semanariolocal.cl\/index.php?rest_route=\/wp\/v2\/users\/1"}],"replies":[{"embeddable":true,"href":"https:\/\/www.semanariolocal.cl\/index.php?rest_route=%2Fwp%2Fv2%2Fcomments&post=4678"}],"version-history":[{"count":1,"href":"https:\/\/www.semanariolocal.cl\/index.php?rest_route=\/wp\/v2\/posts\/4678\/revisions"}],"predecessor-version":[{"id":4680,"href":"https:\/\/www.semanariolocal.cl\/index.php?rest_route=\/wp\/v2\/posts\/4678\/revisions\/4680"}],"wp:featuredmedia":[{"embeddable":true,"href":"https:\/\/www.semanariolocal.cl\/index.php?rest_route=\/wp\/v2\/media\/4679"}],"wp:attachment":[{"href":"https:\/\/www.semanariolocal.cl\/index.php?rest_route=%2Fwp%2Fv2%2Fmedia&parent=4678"}],"wp:term":[{"taxonomy":"category","embeddable":true,"href":"https:\/\/www.semanariolocal.cl\/index.php?rest_route=%2Fwp%2Fv2%2Fcategories&post=4678"},{"taxonomy":"post_tag","embeddable":true,"href":"https:\/\/www.semanariolocal.cl\/index.php?rest_route=%2Fwp%2Fv2%2Ftags&post=4678"}],"curies":[{"name":"wp","href":"https:\/\/api.w.org\/{rel}","templated":true}]}}