{"id":4669,"date":"2022-03-09T09:30:00","date_gmt":"2022-03-09T12:30:00","guid":{"rendered":"https:\/\/www.semanariolocal.cl\/?p=4669"},"modified":"2022-03-10T09:33:02","modified_gmt":"2022-03-10T12:33:02","slug":"especialista-explica-futuras-alzas-en-las-cuentas-de-luz-y-propone-mecanismo-de-estabilizacion","status":"publish","type":"post","link":"https:\/\/www.semanariolocal.cl\/?p=4669","title":{"rendered":"Especialista explica futuras alzas en las cuentas de luz y propone mecanismo de estabilizaci\u00f3n"},"content":{"rendered":"\n<p>De cara al primer trimestre del 2023 est\u00e1 previsto que suban las cuentas de luz, ya que seg\u00fan los c\u00e1lculos de la Comisi\u00f3n Nacional de Energ\u00eda (CNE) durante este semestre se llegar\u00eda al l\u00edmite establecido del Fondo de Estabilizaci\u00f3n de Precios de la Energ\u00eda. Este mecanismo se implement\u00f3 para congelar las alzas que se iban a producir tras el estallido social de 2019.<\/p>\n\n\n\n<p>Humberto Verdejo, ingeniero civil el\u00e9ctrico y acad\u00e9mico de la Usach, explic\u00f3 en primera instancia esta situaci\u00f3n. \u201cExisten en Chile dos tipos de clientes: regulados y libres. Los primeros est\u00e1n sometidos a fijaci\u00f3n de precios e incluye a los residenciales, por lo tanto, solo pueden optar a tarifas definidas por la Comisi\u00f3n Nacional de Energ\u00eda (CNE). Los clientes libres son aquellos que tienen posibilidad de negociar la tarifa de electricidad\u201d.<\/p>\n\n\n\n<p>\u201cDentro de la tarifa de electricidad existen tres cargos: generaci\u00f3n (70%) + transmisi\u00f3n (10%) + distribuci\u00f3n (20%). Los dos \u00faltimos cargos se actualizan cada 4 a\u00f1os, sin embargo, el cargo de generaci\u00f3n se actualiza de manera semestral. El precio de la generaci\u00f3n, que pesa un 70% en la cuenta, se define a partir de contratos de suministro entre generadores y distribuidores, establecidos mediante licitaciones coordinadas por la CNE\u201d, coment\u00f3.<\/p>\n\n\n\n<p>Hasta el a\u00f1o 2019 ven\u00edan ocurriendo sucesivas alzas en el precio de la generaci\u00f3n, explica, por lo cual se implement\u00f3 la Ley 21.185 que corresponde al mecanismo de estabilizaci\u00f3n del precio de la energ\u00eda. \u201cEsta Ley congel\u00f3 el componente que pesa m\u00e1s en la tarifa por el a\u00f1o 2019 y 2020, considerando el decreto tarifario del mismo a\u00f1o. Para los a\u00f1os sucesivos el precio obtenido en los decretos del 2019 solo debiese ser actualizado por IPC. El hecho de pagar menos a lo real establecido en los contratos implica directamente acumular una deuda a favor de los generadores. Este mecanismo ser\u00eda implementado hasta que el saldo acumulado de deuda no superara los 1.350 MM USD\u00bb.<\/p>\n\n\n\n<p>\u201cDe acuerdo al actual gobierno el monto m\u00e1ximo de la deuda se alcanzar\u00eda el segundo semestre del 2023. Sin embargo, producto del alza del d\u00f3lar, nuestros c\u00e1lculos muestran que dicho n\u00famero se obtendr\u00eda el primer semestre del 2022. Esto implicar\u00eda, de acuerdo con la Ley vigente, que para el segundo semestre del 2022 las tarifas deber\u00edan volver a los contratos reales. Esto no implica ni siquiera comenzar a devolver lo no recaudado. Por lo tanto, para el decreto tarifario del segundo semestre del 2022 o primer semestre del 2023, las tarifas deber\u00edan subir el promedio un 20%\u201d, sostiene Verdejo.<\/p>\n\n\n\n<p>Finalmente, propone un mecanismo considerando dos aspectos: \u201cMantener el precio estabilizado hasta el momento en que la deuda debe comenzar a devolverse. Esto ser\u00eda hasta el 2025 y considerar\u00eda un saldo adicional a los 1.350 MM USD de aproximadamente 400 MM USD. Y extender el per\u00edodo de devoluci\u00f3n de la deuda. Actualmente la Ley indica que no puede ser m\u00e1s all\u00e1 del 2027 y esto implica alzas sostenidas en las tarifas. Por lo anterior, ser\u00eda recomendable extender el plazo al a\u00f1o 2027 como l\u00edmite m\u00e1ximo para lograr que las alzas sean menores\u00bb.<\/p>\n","protected":false},"excerpt":{"rendered":"<p>Humberto Verdejo, ingeniero civil el\u00e9ctrico y acad\u00e9mico de la Universidad de Santiago, se refiri\u00f3 a los c\u00e1lculos de la Comisi\u00f3n Nacional de Energ\u00eda (CNE) y su impacto en el bolsillo de los clientes.<\/p>\n","protected":false},"author":1,"featured_media":4670,"comment_status":"closed","ping_status":"closed","sticky":false,"template":"","format":"standard","meta":{"footnotes":""},"categories":[3],"tags":[],"class_list":["post-4669","post","type-post","status-publish","format-standard","has-post-thumbnail","hentry","category-al-dia"],"_links":{"self":[{"href":"https:\/\/www.semanariolocal.cl\/index.php?rest_route=\/wp\/v2\/posts\/4669","targetHints":{"allow":["GET"]}}],"collection":[{"href":"https:\/\/www.semanariolocal.cl\/index.php?rest_route=\/wp\/v2\/posts"}],"about":[{"href":"https:\/\/www.semanariolocal.cl\/index.php?rest_route=\/wp\/v2\/types\/post"}],"author":[{"embeddable":true,"href":"https:\/\/www.semanariolocal.cl\/index.php?rest_route=\/wp\/v2\/users\/1"}],"replies":[{"embeddable":true,"href":"https:\/\/www.semanariolocal.cl\/index.php?rest_route=%2Fwp%2Fv2%2Fcomments&post=4669"}],"version-history":[{"count":1,"href":"https:\/\/www.semanariolocal.cl\/index.php?rest_route=\/wp\/v2\/posts\/4669\/revisions"}],"predecessor-version":[{"id":4671,"href":"https:\/\/www.semanariolocal.cl\/index.php?rest_route=\/wp\/v2\/posts\/4669\/revisions\/4671"}],"wp:featuredmedia":[{"embeddable":true,"href":"https:\/\/www.semanariolocal.cl\/index.php?rest_route=\/wp\/v2\/media\/4670"}],"wp:attachment":[{"href":"https:\/\/www.semanariolocal.cl\/index.php?rest_route=%2Fwp%2Fv2%2Fmedia&parent=4669"}],"wp:term":[{"taxonomy":"category","embeddable":true,"href":"https:\/\/www.semanariolocal.cl\/index.php?rest_route=%2Fwp%2Fv2%2Fcategories&post=4669"},{"taxonomy":"post_tag","embeddable":true,"href":"https:\/\/www.semanariolocal.cl\/index.php?rest_route=%2Fwp%2Fv2%2Ftags&post=4669"}],"curies":[{"name":"wp","href":"https:\/\/api.w.org\/{rel}","templated":true}]}}