{"id":4663,"date":"2022-03-09T09:14:00","date_gmt":"2022-03-09T12:14:00","guid":{"rendered":"https:\/\/www.semanariolocal.cl\/?p=4663"},"modified":"2022-03-10T09:17:26","modified_gmt":"2022-03-10T12:17:26","slug":"sago-a-g-invita-a-productores-a-informarse-sobre-alternativas-forrajeras-para-enfrentar-el-invierno","status":"publish","type":"post","link":"https:\/\/www.semanariolocal.cl\/?p=4663","title":{"rendered":"SAGO A.G. invita a productores a informarse sobre alternativas forrajeras para enfrentar el invierno"},"content":{"rendered":"\n<p>Buscando entregar alternativas a los productores, para enfrentar de buena forma la pr\u00f3xima temporada invernal, la Sociedad Agr\u00edcola y Ganadera de Osorno A.G. realizar\u00e1 una charla t\u00e9cnica en conjunto con la empresa Barenbrug Chile, que buscar\u00e1 ilustrar a los productores sobre alternativas de producci\u00f3n de forraje invernal.<\/p>\n\n\n\n<p>De hecho, entre los meses de junio y julio de cada a\u00f1o, disminuye sustancialmente el crecimiento del pasto, el que no alcanza a cubrir las necesidades nutricionales de los animales rumiantes, lo que obliga a los productores a suplementar su alimentaci\u00f3n con la utilizaci\u00f3n de los denominados \u201cbolos\u201d de silo.<\/p>\n\n\n\n<p>Seg\u00fan explic\u00f3 el&nbsp;<strong>Gerente General de Barenbrug Chile, Felipe Achar\u00e1n<\/strong>, \u201c<em>estamos en oto\u00f1o, y pensando en proyectar el invierno, que es la \u00e9poca del a\u00f1o en que existe mayor escasez de forraje, vamos a presentar cuatro alternativas forrajeras, con una entrega y costos diferenciados. Por tanto, de acuerdo con el sistema forrajero que tenga cada agricultor, podr\u00e1 tener informaci\u00f3n espec\u00edfica de su utilidad<\/em>\u201d, se\u00f1al\u00f3.<\/p>\n\n\n\n<p>El ejecutivo indic\u00f3 que, a la situaci\u00f3n estacional de afectaci\u00f3n del crecimiento del forraje, se suma el escenario de mayores costos del forraje conservado, y de insumos que se est\u00e1 presentando en todo el mundo. \u201c<em>Hoy conviene a los agricultores el poder producir la mayor parte de la alimentaci\u00f3n animal dentro de sus predios. Y por eso, es muy relevante planificar hoy en oto\u00f1o la producci\u00f3n de praderas que vamos a requerir en invierno<\/em>\u201d, sostuvo.<\/p>\n\n\n\n<p>Por su parte, el&nbsp;<strong>director ejecutivo de SAGO A.G., Christian Arntz<\/strong>, valor\u00f3 la oportunidad de realizar la actividad, abierta para todos los agricultores. \u201c<em>Este verano fue bastante seco, lo que oblig\u00f3 tempranamente a adelantar el uso de recursos forrajeros destinados al invierno, por lo que el balance forrajero se vio afectado, y hoy los agricultores necesitamos de alternativas para palear ese d\u00e9ficit invernal. Por ello, es muy bienvenida esta charla, que nos entregar\u00e1 ciertas luces de c\u00f3mo enfrentar esta problem\u00e1tica<\/em>\u201d, coment\u00f3.<\/p>\n\n\n\n<p>El encuentro, denominado&nbsp;<strong>\u00ab4 alternativas forrajeras para enfrentar el invierno\u00bb<\/strong>, se desarrollar\u00e1 el jueves 10 de marzo, desde las 8.30 horas, en el Espacio SAGO del recinto de exposiciones.<\/p>\n","protected":false},"excerpt":{"rendered":"<p>Gremio desarrollar\u00e1 este jueves 10, una charla t\u00e9cnica sobre la materia, junto a empresa Barenbrug Chile.<\/p>\n","protected":false},"author":1,"featured_media":4664,"comment_status":"closed","ping_status":"closed","sticky":false,"template":"","format":"standard","meta":{"footnotes":""},"categories":[20],"tags":[],"class_list":["post-4663","post","type-post","status-publish","format-standard","has-post-thumbnail","hentry","category-agro"],"_links":{"self":[{"href":"https:\/\/www.semanariolocal.cl\/index.php?rest_route=\/wp\/v2\/posts\/4663","targetHints":{"allow":["GET"]}}],"collection":[{"href":"https:\/\/www.semanariolocal.cl\/index.php?rest_route=\/wp\/v2\/posts"}],"about":[{"href":"https:\/\/www.semanariolocal.cl\/index.php?rest_route=\/wp\/v2\/types\/post"}],"author":[{"embeddable":true,"href":"https:\/\/www.semanariolocal.cl\/index.php?rest_route=\/wp\/v2\/users\/1"}],"replies":[{"embeddable":true,"href":"https:\/\/www.semanariolocal.cl\/index.php?rest_route=%2Fwp%2Fv2%2Fcomments&post=4663"}],"version-history":[{"count":1,"href":"https:\/\/www.semanariolocal.cl\/index.php?rest_route=\/wp\/v2\/posts\/4663\/revisions"}],"predecessor-version":[{"id":4665,"href":"https:\/\/www.semanariolocal.cl\/index.php?rest_route=\/wp\/v2\/posts\/4663\/revisions\/4665"}],"wp:featuredmedia":[{"embeddable":true,"href":"https:\/\/www.semanariolocal.cl\/index.php?rest_route=\/wp\/v2\/media\/4664"}],"wp:attachment":[{"href":"https:\/\/www.semanariolocal.cl\/index.php?rest_route=%2Fwp%2Fv2%2Fmedia&parent=4663"}],"wp:term":[{"taxonomy":"category","embeddable":true,"href":"https:\/\/www.semanariolocal.cl\/index.php?rest_route=%2Fwp%2Fv2%2Fcategories&post=4663"},{"taxonomy":"post_tag","embeddable":true,"href":"https:\/\/www.semanariolocal.cl\/index.php?rest_route=%2Fwp%2Fv2%2Ftags&post=4663"}],"curies":[{"name":"wp","href":"https:\/\/api.w.org\/{rel}","templated":true}]}}