{"id":4660,"date":"2022-03-09T09:11:00","date_gmt":"2022-03-09T12:11:00","guid":{"rendered":"https:\/\/www.semanariolocal.cl\/?p=4660"},"modified":"2022-03-10T09:12:54","modified_gmt":"2022-03-10T12:12:54","slug":"declaran-inadmisibles-querellas-de-casinos-populares-en-contra-del-alcalde-emeterio-carrillo","status":"publish","type":"post","link":"https:\/\/www.semanariolocal.cl\/?p=4660","title":{"rendered":"Declaran inadmisibles querellas de \u201ccasinos populares\u201d, en contra del alcalde Emeterio Carrillo.\u00a0"},"content":{"rendered":"\n<p>Mediante fallo emitido el lunes 7 de marzo la Corte de Apelaciones de Valdivia ratific\u00f3 la decisi\u00f3n del Tribunal de Garant\u00eda de Osorno al declarar inadmisibles las querellas interpuestas por cuatro titulares, que desarrollan actividades relacionadas con operaciones de m\u00e1quinas de azar o tambi\u00e9n llamados \u201ccasinos populares\u201d, en contra del alcalde Emeterio Carrillo.<\/p>\n\n\n\n<p>Al respecto, el abogado del Departamento Municipal de Asesor\u00eda Jur\u00eddica, Sergio V\u00e1squez, valor\u00f3 lo resuelto por la Ilustr\u00edsima Corte de Apelaciones \u201cpor cuanto entrega la raz\u00f3n jur\u00eddica respecto a que la acusaci\u00f3n de \u00e9stos due\u00f1os de \u201ccasinos populares\u201d en contra del jefe comunal de Osorno no revest\u00edan la calidad de delitos; por ende, primero el Tribunal de Garant\u00eda en Osorno desestim\u00f3 estas querellas, acci\u00f3n que fue confirmada, en fallo un\u00e1nime, por los Ministros de la citada Corte de la Regi\u00f3n de Los R\u00edos\u201d.<\/p>\n\n\n\n<p>V\u00e1squez, agreg\u00f3 que \u201cen ning\u00fan momento el alcalde Carrillo ha ido en contra de lo ordenado a cumplir en materia de locales de m\u00e1quinas de azar sino que simplemente ha estado pendiente de su ejecuci\u00f3n, por lo tanto ambos tribunales consideraron que no hubo un desacato en la acci\u00f3n de la primera autoridad comunal, as\u00ed lo estim\u00f3 el Juzgado de Garant\u00eda en Osorno y lo ratific\u00f3 el Tribunal de Segunda Instancia en Valdivia\u201d aclar\u00f3.<\/p>\n\n\n\n<p>Por su parte el alcalde Carrillo, se\u00f1al\u00f3 que \u201csiempre actu\u00e9 bajo el mandato de la ley y este fallo me da la tranquilidad de que las cosas se est\u00e1n haciendo de la manera correcta\u201d.<\/p>\n","protected":false},"excerpt":{"rendered":"<p>Mediante fallo emitido el lunes 7 de marzo la Corte de Apelaciones de Valdivia ratific\u00f3 la decisi\u00f3n del Tribunal de Garant\u00eda de Osorno al declarar inadmisibles las querellas interpuestas por cuatro titulares, que desarrollan actividades relacionadas con operaciones de m\u00e1quinas de azar o tambi\u00e9n llamados \u201ccasinos populares\u201d, en contra del alcalde Emeterio Carrillo. Al respecto,&#8230;<a class=\"btnReadMore\" href=\"https:\/\/www.semanariolocal.cl\/?p=4660\"> Leer M\u00e1s<\/a><\/p>\n","protected":false},"author":1,"featured_media":4661,"comment_status":"closed","ping_status":"closed","sticky":false,"template":"","format":"standard","meta":{"footnotes":""},"categories":[3],"tags":[],"class_list":["post-4660","post","type-post","status-publish","format-standard","has-post-thumbnail","hentry","category-al-dia"],"_links":{"self":[{"href":"https:\/\/www.semanariolocal.cl\/index.php?rest_route=\/wp\/v2\/posts\/4660","targetHints":{"allow":["GET"]}}],"collection":[{"href":"https:\/\/www.semanariolocal.cl\/index.php?rest_route=\/wp\/v2\/posts"}],"about":[{"href":"https:\/\/www.semanariolocal.cl\/index.php?rest_route=\/wp\/v2\/types\/post"}],"author":[{"embeddable":true,"href":"https:\/\/www.semanariolocal.cl\/index.php?rest_route=\/wp\/v2\/users\/1"}],"replies":[{"embeddable":true,"href":"https:\/\/www.semanariolocal.cl\/index.php?rest_route=%2Fwp%2Fv2%2Fcomments&post=4660"}],"version-history":[{"count":1,"href":"https:\/\/www.semanariolocal.cl\/index.php?rest_route=\/wp\/v2\/posts\/4660\/revisions"}],"predecessor-version":[{"id":4662,"href":"https:\/\/www.semanariolocal.cl\/index.php?rest_route=\/wp\/v2\/posts\/4660\/revisions\/4662"}],"wp:featuredmedia":[{"embeddable":true,"href":"https:\/\/www.semanariolocal.cl\/index.php?rest_route=\/wp\/v2\/media\/4661"}],"wp:attachment":[{"href":"https:\/\/www.semanariolocal.cl\/index.php?rest_route=%2Fwp%2Fv2%2Fmedia&parent=4660"}],"wp:term":[{"taxonomy":"category","embeddable":true,"href":"https:\/\/www.semanariolocal.cl\/index.php?rest_route=%2Fwp%2Fv2%2Fcategories&post=4660"},{"taxonomy":"post_tag","embeddable":true,"href":"https:\/\/www.semanariolocal.cl\/index.php?rest_route=%2Fwp%2Fv2%2Ftags&post=4660"}],"curies":[{"name":"wp","href":"https:\/\/api.w.org\/{rel}","templated":true}]}}