{"id":4619,"date":"2022-03-07T08:29:00","date_gmt":"2022-03-07T11:29:00","guid":{"rendered":"https:\/\/www.semanariolocal.cl\/?p=4619"},"modified":"2022-03-07T22:31:33","modified_gmt":"2022-03-08T01:31:33","slug":"senador-electo-fidel-espinoza-solicita-investigacion-por-muerte-de-menor-en-hospital-de-ancud","status":"publish","type":"post","link":"https:\/\/www.semanariolocal.cl\/?p=4619","title":{"rendered":"Senador Electo Fidel Espinoza solicita investigaci\u00f3n por muerte de menor en hospital de Ancud"},"content":{"rendered":"\n<p>El actual Diputado por el distrito 25 de la Regi\u00f3n de Los Lagos y Senador electo Fidel Espinoza Sandoval, ingres\u00f3 a primera hora de esta ma\u00f1ana, oficios de fiscalizaci\u00f3n en el marco de sus funciones otorgadas por la Constituci\u00f3n de la Rep\u00fablica, para que se investiguen a fondo, las circunstancias que rodearon la muerte de un beb\u00e9 en el Hospital de Ancud, hecho ocurrido el pasado 25 de febrero y que hoy tiene sumido en una profunda congoja, a una familia de la isla de Chilo\u00e9.<\/p>\n\n\n\n<p>El parlamentario del Partido Socialista, se\u00f1al\u00f3 \u201cqueremos que se realice una exhaustiva investigaci\u00f3n, porque se entiende, en base a los elementos que hemos recibido preliminarmente, que habr\u00edan circunstancias que pudiesen haber evitado esta tragedia. \u00bfFue atendido por&nbsp; los especialistas adecuados? \u00bfPor qu\u00e9 no fue trasladado a tiempo al Hospital de Castro?&nbsp; \u00bfEs efectivo que s\u00f3lo despu\u00e9s de 5 horas habr\u00eda llegado una ambulancia con un ventilador mec\u00e1nico port\u00e1til que adem\u00e1s no funcionaba?<\/p>\n\n\n\n<p>Estas son algunas de las muchas interrogantes que deber\u00e1n responder desde el Servicio Salud de Chilo\u00e9. \u201cEsperamos que no se oculte nada y que no se trate de justificar lo injustificable\u201d, expres\u00f3 el legislador.<\/p>\n\n\n\n<p>ESTOS SON LOS \u201cTEMAS PAIS\u201d QUE LA NUEVA CONSTITUCION DEBE GARANTIZAR<\/p>\n\n\n\n<p>El Senador electo por la Regi\u00f3n de Los Lagos, Fidel Espinoza,&nbsp; se\u00f1al\u00f3 que estos son los grandes temas que como pa\u00eds no podemos dejar que sigan ocurriendo. \u201cLos convencionales que est\u00e1n construyendo la Nueva Constituci\u00f3n, deber\u00edan preocuparse de estos temas. Que no sigan falleciendo personas en lista de espera para una urgencia o una operaci\u00f3n;&nbsp; que no hayan especialistas en los centros hospitalarios m\u00e1s lejanos de la capital es una aberraci\u00f3n. Para estas tem\u00e1ticas la ciudadan\u00eda sali\u00f3 a la calle a luchar por m\u00e1s justicia social, pero hoy hemos visto que los constituyentes est\u00e1n m\u00e1s abocados a otras materias que no son las prioridades ciudadanas\u201d.<\/p>\n\n\n\n<p>El parlamentario agreg\u00f3 que no hay que desviar el&nbsp; foco de atenci\u00f3n del pa\u00eds. \u201cM\u00e1s justicia social es, que no se muera un beb\u00e9 en un hospital porque la atenci\u00f3n fue deficiente. El derecho a la salud es clave. Concentremos en eso. Yo no estoy en contra de que Chilo\u00e9 quiera ser regi\u00f3n, pero la pregunta que me hago, es que si estas materias de injusticia se superan con un nuevo territorio regional? Concentremos en los grandes temas del pa\u00eds y la regi\u00f3n. Esta es una oportunidad \u00fanica que no se puede desaprovechar por la ceguera de unos pocos\u201d, expres\u00f3.-<\/p>\n","protected":false},"excerpt":{"rendered":"<p>El actual Diputado por el distrito 25 de la Regi\u00f3n de Los Lagos y Senador electo Fidel Espinoza Sandoval, ingres\u00f3 a primera hora de esta ma\u00f1ana, oficios de fiscalizaci\u00f3n en el marco de sus funciones otorgadas por la Constituci\u00f3n de la Rep\u00fablica, para que se investiguen a fondo, las circunstancias que rodearon la muerte de&#8230;<a class=\"btnReadMore\" href=\"https:\/\/www.semanariolocal.cl\/?p=4619\"> Leer M\u00e1s<\/a><\/p>\n","protected":false},"author":1,"featured_media":4620,"comment_status":"closed","ping_status":"closed","sticky":false,"template":"","format":"standard","meta":{"footnotes":""},"categories":[3,6],"tags":[],"class_list":["post-4619","post","type-post","status-publish","format-standard","has-post-thumbnail","hentry","category-al-dia","category-politica"],"_links":{"self":[{"href":"https:\/\/www.semanariolocal.cl\/index.php?rest_route=\/wp\/v2\/posts\/4619","targetHints":{"allow":["GET"]}}],"collection":[{"href":"https:\/\/www.semanariolocal.cl\/index.php?rest_route=\/wp\/v2\/posts"}],"about":[{"href":"https:\/\/www.semanariolocal.cl\/index.php?rest_route=\/wp\/v2\/types\/post"}],"author":[{"embeddable":true,"href":"https:\/\/www.semanariolocal.cl\/index.php?rest_route=\/wp\/v2\/users\/1"}],"replies":[{"embeddable":true,"href":"https:\/\/www.semanariolocal.cl\/index.php?rest_route=%2Fwp%2Fv2%2Fcomments&post=4619"}],"version-history":[{"count":1,"href":"https:\/\/www.semanariolocal.cl\/index.php?rest_route=\/wp\/v2\/posts\/4619\/revisions"}],"predecessor-version":[{"id":4621,"href":"https:\/\/www.semanariolocal.cl\/index.php?rest_route=\/wp\/v2\/posts\/4619\/revisions\/4621"}],"wp:featuredmedia":[{"embeddable":true,"href":"https:\/\/www.semanariolocal.cl\/index.php?rest_route=\/wp\/v2\/media\/4620"}],"wp:attachment":[{"href":"https:\/\/www.semanariolocal.cl\/index.php?rest_route=%2Fwp%2Fv2%2Fmedia&parent=4619"}],"wp:term":[{"taxonomy":"category","embeddable":true,"href":"https:\/\/www.semanariolocal.cl\/index.php?rest_route=%2Fwp%2Fv2%2Fcategories&post=4619"},{"taxonomy":"post_tag","embeddable":true,"href":"https:\/\/www.semanariolocal.cl\/index.php?rest_route=%2Fwp%2Fv2%2Ftags&post=4619"}],"curies":[{"name":"wp","href":"https:\/\/api.w.org\/{rel}","templated":true}]}}